{"id":979,"date":"2025-09-25T11:17:06","date_gmt":"2025-09-25T09:17:06","guid":{"rendered":"https:\/\/ul-cgt-aubagne.fr\/?p=979"},"modified":"2025-09-25T11:17:06","modified_gmt":"2025-09-25T09:17:06","slug":"mobilisation-massive-le-2-octobre","status":"publish","type":"post","link":"https:\/\/ul-cgt-aubagne.fr\/index.php\/2025\/09\/25\/mobilisation-massive-le-2-octobre\/","title":{"rendered":"Mobilisation massive le 2 octobre !"},"content":{"rendered":"\n<p>Communiqu\u00e9 intersyndical de la CGT, CFDT, FO, CFE-CGC, CFTC, UNSA, FSU et Solidaires<\/p>\n\n\n\n<p>\ud83d\udd34 Aucune r\u00e9ponse concr\u00e8te aux attentes du monde du travail : l\u2019intersyndicale appelle \u00e0 une mobilisation massive le 2 octobre !<br>Apr\u00e8s la r\u00e9ussite de la mobilisation interprofessionnelle du 18 septembre, l\u2019ensemble des organisations syndicales avait pos\u00e9 un ultimatum. Elles ont \u00e9t\u00e9 re\u00e7ues ce matin par le Premier ministre, pour obtenir des r\u00e9ponses concr\u00e8tes aux revendications exprim\u00e9es par les travailleuses et les travailleurs.<\/p>\n\n\n\n<p>L\u2019intersyndicale d\u00e9plore une occasion manqu\u00e9e. Apr\u00e8s un long \u00e9change avec le Premier ministre sur les enjeux qui se posent pour le monde du travail, aucune r\u00e9ponse claire n\u2019a \u00e9t\u00e9 apport\u00e9e \u00e0 la col\u00e8re des salari\u00e9\u00b7es, agent\u00b7es, demandeurs\u00b7euses d\u2019emploi, jeunes, retrait\u00e9\u00b7es \u2026<\/p>\n\n\n\n<p>Le Premier ministre a expliqu\u00e9 qu\u2019il n\u2019\u00e9tait pas en mesure de conna\u00eetre la copie finale du budget 2026 qui sera adopt\u00e9e par le Parlement, alors que l\u2019intersyndicale attendait au moins des pistes sur une copie initiale. Ni rupture avec les mesures pr\u00e9sent\u00e9es en juillet, ni engagement sur ce que pourraient \u00eatre des mesures de justice sociale et fiscale.<\/p>\n\n\n\n<p>Le monde du travail a assez souffert et c\u2019est pourquoi l\u2019ensemble des organisations syndicales appelle \u00e0 amplifier la mobilisation lors d\u2019une nouvelle journ\u00e9e d\u2019action et de gr\u00e8ve interprofessionnelle le jeudi 2 octobre prochain pour exiger :<br>\u27a1\ufe0f L\u2019abandon de l\u2019ensemble du projet de budget et notamment le doublement des franchises m\u00e9dicales, l\u2019ann\u00e9e blanche (d\u00e9sindexation des pensions, des prestations sociales, des salaires des agent\u00b7es de la fonction publique et du budget des services publics), la suppression de 3000 postes de fonctionnaires et la r\u00e9forme de l\u2019assurance ch\u00f4mage, ainsi que des projets attaquant le code du travail, et le 1er mai ;<br>\u27a1\ufe0f La justice fiscale, avec la mise en place de dispositifs qui taxent les gros patrimoines et les tr\u00e8s hauts revenus, et contraignent le versement des dividendes ;<br>\u27a1\ufe0f La conditionnalit\u00e9 sociale et environnementale des 211 milliards d\u2019euros d\u2019aides publiques aux entreprises priv\u00e9es ;<br>\u27a1\ufe0f Des moyens budg\u00e9taires \u00e0 la hauteur pour les services publics partout sur le territoire ;<br>\u27a1\ufe0f Une protection sociale de haut niveau et l\u2019abandon du recul de l&rsquo;\u00e2ge l\u00e9gal de d\u00e9part \u00e0 la retraite \u00e0 64<br>ans ;<br>\u27a1\ufe0f Des investissements dans une transition \u00e9cologique juste et la r\u00e9industrialisation de la France, et des mesures contre les licenciements.<\/p>\n\n\n\n<p>Pour pr\u00e9parer et r\u00e9ussir les gr\u00e8ves et manifestations du 2 octobre, les travailleuses et travailleurs et leurs syndicats maintiendront la pression et leurs revendications salariales par des actions dans les entreprises, les services et administrations, par diff\u00e9rentes initiatives, organisations de r\u00e9unions d\u2019information, assembl\u00e9es g\u00e9n\u00e9rales du personnel \u2026<\/p>\n\n\n\n<p>Les organisations syndicales conviennent d\u2019ores et d\u00e9j\u00e0 de se revoir tr\u00e8s rapidement.<\/p>\n\n\n\n<p>Paris, le 24 septembre 2025<\/p>\n\n\n\n<div class=\"wp-block-file\"><a id=\"wp-block-file--media-a4834d3e-6733-4056-baec-bf77cf3dcd33\" href=\"https:\/\/ul-cgt-aubagne.fr\/wp-content\/uploads\/2025\/09\/20250924_Tract_CGT_2-OCT-generique.pdf\">20250924_Tract_CGT_2 OCT generique<\/a><a href=\"https:\/\/ul-cgt-aubagne.fr\/wp-content\/uploads\/2025\/09\/20250924_Tract_CGT_2-OCT-generique.pdf\" class=\"wp-block-file__button wp-element-button\" download aria-describedby=\"wp-block-file--media-a4834d3e-6733-4056-baec-bf77cf3dcd33\">T\u00e9l\u00e9charger<\/a><\/div>\n\n\n\n<figure class=\"wp-block-image size-large\"><img loading=\"lazy\" decoding=\"async\" width=\"724\" height=\"1024\" src=\"https:\/\/ul-cgt-aubagne.fr\/wp-content\/uploads\/2025\/09\/affiche-intersyndicale-2-octobre-basse-def-724x1024.jpg\" alt=\"\" class=\"wp-image-980\" srcset=\"https:\/\/ul-cgt-aubagne.fr\/wp-content\/uploads\/2025\/09\/affiche-intersyndicale-2-octobre-basse-def-724x1024.jpg 724w, https:\/\/ul-cgt-aubagne.fr\/wp-content\/uploads\/2025\/09\/affiche-intersyndicale-2-octobre-basse-def-212x300.jpg 212w, https:\/\/ul-cgt-aubagne.fr\/wp-content\/uploads\/2025\/09\/affiche-intersyndicale-2-octobre-basse-def-scaled.jpg 1810w\" sizes=\"auto, (max-width: 724px) 100vw, 724px\" \/><\/figure>\n","protected":false},"excerpt":{"rendered":"<p>Communiqu\u00e9 intersyndical de la CGT, CFDT, FO, CFE-CGC, CFTC, UNSA, FSU et Solidaires \ud83d\udd34 Aucune r\u00e9ponse concr\u00e8te aux attentes du monde du travail : l\u2019intersyndicale appelle \u00e0 une mobilisation massive le 2 octobre !Apr\u00e8s la r\u00e9ussite de la mobilisation interprofessionnelle du 18 septembre, l\u2019ensemble des organisations syndicales avait pos\u00e9 un ultimatum. Elles ont \u00e9t\u00e9 re\u00e7ues &hellip; <\/p>\n<p class=\"link-more\"><a href=\"https:\/\/ul-cgt-aubagne.fr\/index.php\/2025\/09\/25\/mobilisation-massive-le-2-octobre\/\" class=\"more-link\">Lire la suite de<span class=\"screen-reader-text\">\u00ab\u00a0Mobilisation massive le 2 octobre !\u00a0\u00bb<\/span><\/a><\/p>\n","protected":false},"author":1,"featured_media":980,"comment_status":"open","ping_status":"closed","sticky":false,"template":"","format":"standard","meta":{"footnotes":""},"categories":[9],"tags":[],"class_list":["post-979","post","type-post","status-publish","format-standard","has-post-thumbnail","hentry","category-blog"],"yoast_head":"<!-- This site is optimized with the Yoast SEO plugin v27.4 - https:\/\/yoast.com\/product\/yoast-seo-wordpress\/ -->\n<title>Mobilisation massive le 2 octobre ! - Union Locale CGT Aubagne<\/title>\n<meta name=\"robots\" content=\"index, follow, max-snippet:-1, max-image-preview:large, max-video-preview:-1\" \/>\n<link rel=\"canonical\" href=\"https:\/\/ul-cgt-aubagne.fr\/index.php\/2025\/09\/25\/mobilisation-massive-le-2-octobre\/\" \/>\n<meta property=\"og:locale\" content=\"fr_FR\" \/>\n<meta property=\"og:type\" content=\"article\" \/>\n<meta property=\"og:title\" content=\"Mobilisation massive le 2 octobre ! - Union Locale CGT Aubagne\" \/>\n<meta property=\"og:description\" content=\"Communiqu\u00e9 intersyndical de la CGT, CFDT, FO, CFE-CGC, CFTC, UNSA, FSU et Solidaires \ud83d\udd34 Aucune r\u00e9ponse concr\u00e8te aux attentes du monde du travail : l\u2019intersyndicale appelle \u00e0 une mobilisation massive le 2 octobre !Apr\u00e8s la r\u00e9ussite de la mobilisation interprofessionnelle du 18 septembre, l\u2019ensemble des organisations syndicales avait pos\u00e9 un ultimatum. Elles ont \u00e9t\u00e9 re\u00e7ues &hellip; Lire la suite de\u00ab\u00a0Mobilisation massive le 2 octobre !\u00a0\u00bb\" \/>\n<meta property=\"og:url\" content=\"https:\/\/ul-cgt-aubagne.fr\/index.php\/2025\/09\/25\/mobilisation-massive-le-2-octobre\/\" \/>\n<meta property=\"og:site_name\" content=\"Union Locale CGT Aubagne\" \/>\n<meta property=\"article:publisher\" content=\"https:\/\/www.facebook.com\/ULCGTAubagne\/\" \/>\n<meta property=\"article:published_time\" content=\"2025-09-25T09:17:06+00:00\" \/>\n<meta property=\"og:image\" content=\"https:\/\/ul-cgt-aubagne.fr\/wp-content\/uploads\/2025\/09\/affiche-intersyndicale-2-octobre-basse-def-scaled.jpg\" \/>\n\t<meta property=\"og:image:width\" content=\"1810\" \/>\n\t<meta property=\"og:image:height\" content=\"2560\" \/>\n\t<meta property=\"og:image:type\" content=\"image\/jpeg\" \/>\n<meta name=\"author\" content=\"admin\" \/>\n<meta name=\"twitter:card\" content=\"summary_large_image\" \/>\n<meta name=\"twitter:label1\" content=\"\u00c9crit par\" \/>\n\t<meta name=\"twitter:data1\" content=\"admin\" \/>\n\t<meta name=\"twitter:label2\" content=\"Dur\u00e9e de lecture estim\u00e9e\" \/>\n\t<meta name=\"twitter:data2\" content=\"3 minutes\" \/>\n<script type=\"application\/ld+json\" class=\"yoast-schema-graph\">{\"@context\":\"https:\\\/\\\/schema.org\",\"@graph\":[{\"@type\":\"Article\",\"@id\":\"https:\\\/\\\/ul-cgt-aubagne.fr\\\/index.php\\\/2025\\\/09\\\/25\\\/mobilisation-massive-le-2-octobre\\\/#article\",\"isPartOf\":{\"@id\":\"https:\\\/\\\/ul-cgt-aubagne.fr\\\/index.php\\\/2025\\\/09\\\/25\\\/mobilisation-massive-le-2-octobre\\\/\"},\"author\":{\"name\":\"admin\",\"@id\":\"https:\\\/\\\/ul-cgt-aubagne.fr\\\/#\\\/schema\\\/person\\\/2a85d0e135a2b994d91f4a2db8a2d1ed\"},\"headline\":\"Mobilisation massive le 2 octobre !\",\"datePublished\":\"2025-09-25T09:17:06+00:00\",\"mainEntityOfPage\":{\"@id\":\"https:\\\/\\\/ul-cgt-aubagne.fr\\\/index.php\\\/2025\\\/09\\\/25\\\/mobilisation-massive-le-2-octobre\\\/\"},\"wordCount\":488,\"commentCount\":0,\"publisher\":{\"@id\":\"https:\\\/\\\/ul-cgt-aubagne.fr\\\/#organization\"},\"image\":{\"@id\":\"https:\\\/\\\/ul-cgt-aubagne.fr\\\/index.php\\\/2025\\\/09\\\/25\\\/mobilisation-massive-le-2-octobre\\\/#primaryimage\"},\"thumbnailUrl\":\"https:\\\/\\\/ul-cgt-aubagne.fr\\\/wp-content\\\/uploads\\\/2025\\\/09\\\/affiche-intersyndicale-2-octobre-basse-def-scaled.jpg\",\"articleSection\":[\"Blog\"],\"inLanguage\":\"fr-FR\",\"potentialAction\":[{\"@type\":\"CommentAction\",\"name\":\"Comment\",\"target\":[\"https:\\\/\\\/ul-cgt-aubagne.fr\\\/index.php\\\/2025\\\/09\\\/25\\\/mobilisation-massive-le-2-octobre\\\/#respond\"]}]},{\"@type\":\"WebPage\",\"@id\":\"https:\\\/\\\/ul-cgt-aubagne.fr\\\/index.php\\\/2025\\\/09\\\/25\\\/mobilisation-massive-le-2-octobre\\\/\",\"url\":\"https:\\\/\\\/ul-cgt-aubagne.fr\\\/index.php\\\/2025\\\/09\\\/25\\\/mobilisation-massive-le-2-octobre\\\/\",\"name\":\"Mobilisation massive le 2 octobre ! - Union Locale CGT Aubagne\",\"isPartOf\":{\"@id\":\"https:\\\/\\\/ul-cgt-aubagne.fr\\\/#website\"},\"primaryImageOfPage\":{\"@id\":\"https:\\\/\\\/ul-cgt-aubagne.fr\\\/index.php\\\/2025\\\/09\\\/25\\\/mobilisation-massive-le-2-octobre\\\/#primaryimage\"},\"image\":{\"@id\":\"https:\\\/\\\/ul-cgt-aubagne.fr\\\/index.php\\\/2025\\\/09\\\/25\\\/mobilisation-massive-le-2-octobre\\\/#primaryimage\"},\"thumbnailUrl\":\"https:\\\/\\\/ul-cgt-aubagne.fr\\\/wp-content\\\/uploads\\\/2025\\\/09\\\/affiche-intersyndicale-2-octobre-basse-def-scaled.jpg\",\"datePublished\":\"2025-09-25T09:17:06+00:00\",\"breadcrumb\":{\"@id\":\"https:\\\/\\\/ul-cgt-aubagne.fr\\\/index.php\\\/2025\\\/09\\\/25\\\/mobilisation-massive-le-2-octobre\\\/#breadcrumb\"},\"inLanguage\":\"fr-FR\",\"potentialAction\":[{\"@type\":\"ReadAction\",\"target\":[\"https:\\\/\\\/ul-cgt-aubagne.fr\\\/index.php\\\/2025\\\/09\\\/25\\\/mobilisation-massive-le-2-octobre\\\/\"]}]},{\"@type\":\"ImageObject\",\"inLanguage\":\"fr-FR\",\"@id\":\"https:\\\/\\\/ul-cgt-aubagne.fr\\\/index.php\\\/2025\\\/09\\\/25\\\/mobilisation-massive-le-2-octobre\\\/#primaryimage\",\"url\":\"https:\\\/\\\/ul-cgt-aubagne.fr\\\/wp-content\\\/uploads\\\/2025\\\/09\\\/affiche-intersyndicale-2-octobre-basse-def-scaled.jpg\",\"contentUrl\":\"https:\\\/\\\/ul-cgt-aubagne.fr\\\/wp-content\\\/uploads\\\/2025\\\/09\\\/affiche-intersyndicale-2-octobre-basse-def-scaled.jpg\",\"width\":1810,\"height\":2560},{\"@type\":\"BreadcrumbList\",\"@id\":\"https:\\\/\\\/ul-cgt-aubagne.fr\\\/index.php\\\/2025\\\/09\\\/25\\\/mobilisation-massive-le-2-octobre\\\/#breadcrumb\",\"itemListElement\":[{\"@type\":\"ListItem\",\"position\":1,\"name\":\"Accueil\",\"item\":\"https:\\\/\\\/ul-cgt-aubagne.fr\\\/\"},{\"@type\":\"ListItem\",\"position\":2,\"name\":\"Mobilisation massive le 2 octobre !\"}]},{\"@type\":\"WebSite\",\"@id\":\"https:\\\/\\\/ul-cgt-aubagne.fr\\\/#website\",\"url\":\"https:\\\/\\\/ul-cgt-aubagne.fr\\\/\",\"name\":\"Union Locale CGT Aubagne\",\"description\":\"La CGT d&#039;Aubagne et sa R\u00e9gion\",\"publisher\":{\"@id\":\"https:\\\/\\\/ul-cgt-aubagne.fr\\\/#organization\"},\"potentialAction\":[{\"@type\":\"SearchAction\",\"target\":{\"@type\":\"EntryPoint\",\"urlTemplate\":\"https:\\\/\\\/ul-cgt-aubagne.fr\\\/?s={search_term_string}\"},\"query-input\":{\"@type\":\"PropertyValueSpecification\",\"valueRequired\":true,\"valueName\":\"search_term_string\"}}],\"inLanguage\":\"fr-FR\"},{\"@type\":\"Organization\",\"@id\":\"https:\\\/\\\/ul-cgt-aubagne.fr\\\/#organization\",\"name\":\"Union Locale CGT Aubagne\",\"url\":\"https:\\\/\\\/ul-cgt-aubagne.fr\\\/\",\"logo\":{\"@type\":\"ImageObject\",\"inLanguage\":\"fr-FR\",\"@id\":\"https:\\\/\\\/ul-cgt-aubagne.fr\\\/#\\\/schema\\\/logo\\\/image\\\/\",\"url\":\"https:\\\/\\\/ul-cgt-aubagne.fr\\\/wp-content\\\/uploads\\\/2025\\\/09\\\/20250921_091219-scaled.jpg\",\"contentUrl\":\"https:\\\/\\\/ul-cgt-aubagne.fr\\\/wp-content\\\/uploads\\\/2025\\\/09\\\/20250921_091219-scaled.jpg\",\"width\":1941,\"height\":2560,\"caption\":\"Union Locale CGT Aubagne\"},\"image\":{\"@id\":\"https:\\\/\\\/ul-cgt-aubagne.fr\\\/#\\\/schema\\\/logo\\\/image\\\/\"},\"sameAs\":[\"https:\\\/\\\/www.facebook.com\\\/ULCGTAubagne\\\/\"]},{\"@type\":\"Person\",\"@id\":\"https:\\\/\\\/ul-cgt-aubagne.fr\\\/#\\\/schema\\\/person\\\/2a85d0e135a2b994d91f4a2db8a2d1ed\",\"name\":\"admin\",\"image\":{\"@type\":\"ImageObject\",\"inLanguage\":\"fr-FR\",\"@id\":\"https:\\\/\\\/secure.gravatar.com\\\/avatar\\\/5028fcebae3f6a3b06f744eeb7347c186f3aedbb8bd13377e58bc66498491b42?s=96&d=mm&r=g\",\"url\":\"https:\\\/\\\/secure.gravatar.com\\\/avatar\\\/5028fcebae3f6a3b06f744eeb7347c186f3aedbb8bd13377e58bc66498491b42?s=96&d=mm&r=g\",\"contentUrl\":\"https:\\\/\\\/secure.gravatar.com\\\/avatar\\\/5028fcebae3f6a3b06f744eeb7347c186f3aedbb8bd13377e58bc66498491b42?s=96&d=mm&r=g\",\"caption\":\"admin\"},\"sameAs\":[\"http:\\\/\\\/ul-cgt-aubagne.fr\"],\"url\":\"https:\\\/\\\/ul-cgt-aubagne.fr\\\/index.php\\\/author\\\/admin\\\/\"}]}<\/script>\n<!-- \/ Yoast SEO plugin. -->","yoast_head_json":{"title":"Mobilisation massive le 2 octobre ! - Union Locale CGT Aubagne","robots":{"index":"index","follow":"follow","max-snippet":"max-snippet:-1","max-image-preview":"max-image-preview:large","max-video-preview":"max-video-preview:-1"},"canonical":"https:\/\/ul-cgt-aubagne.fr\/index.php\/2025\/09\/25\/mobilisation-massive-le-2-octobre\/","og_locale":"fr_FR","og_type":"article","og_title":"Mobilisation massive le 2 octobre ! - Union Locale CGT Aubagne","og_description":"Communiqu\u00e9 intersyndical de la CGT, CFDT, FO, CFE-CGC, CFTC, UNSA, FSU et Solidaires \ud83d\udd34 Aucune r\u00e9ponse concr\u00e8te aux attentes du monde du travail : l\u2019intersyndicale appelle \u00e0 une mobilisation massive le 2 octobre !Apr\u00e8s la r\u00e9ussite de la mobilisation interprofessionnelle du 18 septembre, l\u2019ensemble des organisations syndicales avait pos\u00e9 un ultimatum. Elles ont \u00e9t\u00e9 re\u00e7ues &hellip; Lire la suite de\u00ab\u00a0Mobilisation massive le 2 octobre !\u00a0\u00bb","og_url":"https:\/\/ul-cgt-aubagne.fr\/index.php\/2025\/09\/25\/mobilisation-massive-le-2-octobre\/","og_site_name":"Union Locale CGT Aubagne","article_publisher":"https:\/\/www.facebook.com\/ULCGTAubagne\/","article_published_time":"2025-09-25T09:17:06+00:00","og_image":[{"width":1810,"height":2560,"url":"https:\/\/ul-cgt-aubagne.fr\/wp-content\/uploads\/2025\/09\/affiche-intersyndicale-2-octobre-basse-def-scaled.jpg","type":"image\/jpeg"}],"author":"admin","twitter_card":"summary_large_image","twitter_misc":{"\u00c9crit par":"admin","Dur\u00e9e de lecture estim\u00e9e":"3 minutes"},"schema":{"@context":"https:\/\/schema.org","@graph":[{"@type":"Article","@id":"https:\/\/ul-cgt-aubagne.fr\/index.php\/2025\/09\/25\/mobilisation-massive-le-2-octobre\/#article","isPartOf":{"@id":"https:\/\/ul-cgt-aubagne.fr\/index.php\/2025\/09\/25\/mobilisation-massive-le-2-octobre\/"},"author":{"name":"admin","@id":"https:\/\/ul-cgt-aubagne.fr\/#\/schema\/person\/2a85d0e135a2b994d91f4a2db8a2d1ed"},"headline":"Mobilisation massive le 2 octobre !","datePublished":"2025-09-25T09:17:06+00:00","mainEntityOfPage":{"@id":"https:\/\/ul-cgt-aubagne.fr\/index.php\/2025\/09\/25\/mobilisation-massive-le-2-octobre\/"},"wordCount":488,"commentCount":0,"publisher":{"@id":"https:\/\/ul-cgt-aubagne.fr\/#organization"},"image":{"@id":"https:\/\/ul-cgt-aubagne.fr\/index.php\/2025\/09\/25\/mobilisation-massive-le-2-octobre\/#primaryimage"},"thumbnailUrl":"https:\/\/ul-cgt-aubagne.fr\/wp-content\/uploads\/2025\/09\/affiche-intersyndicale-2-octobre-basse-def-scaled.jpg","articleSection":["Blog"],"inLanguage":"fr-FR","potentialAction":[{"@type":"CommentAction","name":"Comment","target":["https:\/\/ul-cgt-aubagne.fr\/index.php\/2025\/09\/25\/mobilisation-massive-le-2-octobre\/#respond"]}]},{"@type":"WebPage","@id":"https:\/\/ul-cgt-aubagne.fr\/index.php\/2025\/09\/25\/mobilisation-massive-le-2-octobre\/","url":"https:\/\/ul-cgt-aubagne.fr\/index.php\/2025\/09\/25\/mobilisation-massive-le-2-octobre\/","name":"Mobilisation massive le 2 octobre ! - Union Locale CGT Aubagne","isPartOf":{"@id":"https:\/\/ul-cgt-aubagne.fr\/#website"},"primaryImageOfPage":{"@id":"https:\/\/ul-cgt-aubagne.fr\/index.php\/2025\/09\/25\/mobilisation-massive-le-2-octobre\/#primaryimage"},"image":{"@id":"https:\/\/ul-cgt-aubagne.fr\/index.php\/2025\/09\/25\/mobilisation-massive-le-2-octobre\/#primaryimage"},"thumbnailUrl":"https:\/\/ul-cgt-aubagne.fr\/wp-content\/uploads\/2025\/09\/affiche-intersyndicale-2-octobre-basse-def-scaled.jpg","datePublished":"2025-09-25T09:17:06+00:00","breadcrumb":{"@id":"https:\/\/ul-cgt-aubagne.fr\/index.php\/2025\/09\/25\/mobilisation-massive-le-2-octobre\/#breadcrumb"},"inLanguage":"fr-FR","potentialAction":[{"@type":"ReadAction","target":["https:\/\/ul-cgt-aubagne.fr\/index.php\/2025\/09\/25\/mobilisation-massive-le-2-octobre\/"]}]},{"@type":"ImageObject","inLanguage":"fr-FR","@id":"https:\/\/ul-cgt-aubagne.fr\/index.php\/2025\/09\/25\/mobilisation-massive-le-2-octobre\/#primaryimage","url":"https:\/\/ul-cgt-aubagne.fr\/wp-content\/uploads\/2025\/09\/affiche-intersyndicale-2-octobre-basse-def-scaled.jpg","contentUrl":"https:\/\/ul-cgt-aubagne.fr\/wp-content\/uploads\/2025\/09\/affiche-intersyndicale-2-octobre-basse-def-scaled.jpg","width":1810,"height":2560},{"@type":"BreadcrumbList","@id":"https:\/\/ul-cgt-aubagne.fr\/index.php\/2025\/09\/25\/mobilisation-massive-le-2-octobre\/#breadcrumb","itemListElement":[{"@type":"ListItem","position":1,"name":"Accueil","item":"https:\/\/ul-cgt-aubagne.fr\/"},{"@type":"ListItem","position":2,"name":"Mobilisation massive le 2 octobre !"}]},{"@type":"WebSite","@id":"https:\/\/ul-cgt-aubagne.fr\/#website","url":"https:\/\/ul-cgt-aubagne.fr\/","name":"Union Locale CGT Aubagne","description":"La CGT d&#039;Aubagne et sa R\u00e9gion","publisher":{"@id":"https:\/\/ul-cgt-aubagne.fr\/#organization"},"potentialAction":[{"@type":"SearchAction","target":{"@type":"EntryPoint","urlTemplate":"https:\/\/ul-cgt-aubagne.fr\/?s={search_term_string}"},"query-input":{"@type":"PropertyValueSpecification","valueRequired":true,"valueName":"search_term_string"}}],"inLanguage":"fr-FR"},{"@type":"Organization","@id":"https:\/\/ul-cgt-aubagne.fr\/#organization","name":"Union Locale CGT Aubagne","url":"https:\/\/ul-cgt-aubagne.fr\/","logo":{"@type":"ImageObject","inLanguage":"fr-FR","@id":"https:\/\/ul-cgt-aubagne.fr\/#\/schema\/logo\/image\/","url":"https:\/\/ul-cgt-aubagne.fr\/wp-content\/uploads\/2025\/09\/20250921_091219-scaled.jpg","contentUrl":"https:\/\/ul-cgt-aubagne.fr\/wp-content\/uploads\/2025\/09\/20250921_091219-scaled.jpg","width":1941,"height":2560,"caption":"Union Locale CGT Aubagne"},"image":{"@id":"https:\/\/ul-cgt-aubagne.fr\/#\/schema\/logo\/image\/"},"sameAs":["https:\/\/www.facebook.com\/ULCGTAubagne\/"]},{"@type":"Person","@id":"https:\/\/ul-cgt-aubagne.fr\/#\/schema\/person\/2a85d0e135a2b994d91f4a2db8a2d1ed","name":"admin","image":{"@type":"ImageObject","inLanguage":"fr-FR","@id":"https:\/\/secure.gravatar.com\/avatar\/5028fcebae3f6a3b06f744eeb7347c186f3aedbb8bd13377e58bc66498491b42?s=96&d=mm&r=g","url":"https:\/\/secure.gravatar.com\/avatar\/5028fcebae3f6a3b06f744eeb7347c186f3aedbb8bd13377e58bc66498491b42?s=96&d=mm&r=g","contentUrl":"https:\/\/secure.gravatar.com\/avatar\/5028fcebae3f6a3b06f744eeb7347c186f3aedbb8bd13377e58bc66498491b42?s=96&d=mm&r=g","caption":"admin"},"sameAs":["http:\/\/ul-cgt-aubagne.fr"],"url":"https:\/\/ul-cgt-aubagne.fr\/index.php\/author\/admin\/"}]}},"_links":{"self":[{"href":"https:\/\/ul-cgt-aubagne.fr\/index.php\/wp-json\/wp\/v2\/posts\/979","targetHints":{"allow":["GET"]}}],"collection":[{"href":"https:\/\/ul-cgt-aubagne.fr\/index.php\/wp-json\/wp\/v2\/posts"}],"about":[{"href":"https:\/\/ul-cgt-aubagne.fr\/index.php\/wp-json\/wp\/v2\/types\/post"}],"author":[{"embeddable":true,"href":"https:\/\/ul-cgt-aubagne.fr\/index.php\/wp-json\/wp\/v2\/users\/1"}],"replies":[{"embeddable":true,"href":"https:\/\/ul-cgt-aubagne.fr\/index.php\/wp-json\/wp\/v2\/comments?post=979"}],"version-history":[{"count":1,"href":"https:\/\/ul-cgt-aubagne.fr\/index.php\/wp-json\/wp\/v2\/posts\/979\/revisions"}],"predecessor-version":[{"id":982,"href":"https:\/\/ul-cgt-aubagne.fr\/index.php\/wp-json\/wp\/v2\/posts\/979\/revisions\/982"}],"wp:featuredmedia":[{"embeddable":true,"href":"https:\/\/ul-cgt-aubagne.fr\/index.php\/wp-json\/wp\/v2\/media\/980"}],"wp:attachment":[{"href":"https:\/\/ul-cgt-aubagne.fr\/index.php\/wp-json\/wp\/v2\/media?parent=979"}],"wp:term":[{"taxonomy":"category","embeddable":true,"href":"https:\/\/ul-cgt-aubagne.fr\/index.php\/wp-json\/wp\/v2\/categories?post=979"},{"taxonomy":"post_tag","embeddable":true,"href":"https:\/\/ul-cgt-aubagne.fr\/index.php\/wp-json\/wp\/v2\/tags?post=979"}],"curies":[{"name":"wp","href":"https:\/\/api.w.org\/{rel}","templated":true}]}}