{"id":666,"date":"2025-07-22T21:35:46","date_gmt":"2025-07-22T19:35:46","guid":{"rendered":"https:\/\/ul-cgt-aubagne.fr\/?p=666"},"modified":"2025-07-24T22:30:05","modified_gmt":"2025-07-24T20:30:05","slug":"action-velo","status":"publish","type":"post","link":"https:\/\/ul-cgt-aubagne.fr\/index.php\/2025\/07\/22\/action-velo\/","title":{"rendered":"Action V\u00e9lo"},"content":{"rendered":"\n<p><em>Action V\u00e9lo a pour objet \u00ab la promotion par tous moyens de l\u2019usage du v\u00e9lo comme mode de d\u00e9placement \u00bb ainsi que \u00ab la possibilit\u00e9 d\u2019ester en justice \u00bb (statuts).&nbsp;La couverture territoriale s\u2019\u00e9tend d\u2019Aubagne aux communes environnantes \u00e9quivalent \u00ab&nbsp;au Pays d\u2019Aubagne et de l\u2019Etoile&nbsp;\u00bb.<\/em><\/p>\n\n\n\n<p><em>&nbsp;Son domaine d\u2019activit\u00e9 comprend des activit\u00e9s de m\u00e9caniques participatives et de \u00abremise en selle \u00bb par l\u2019organisation d&rsquo;ateliers dans et hors les murs et par des balades adapt\u00e9es. Les objectifs vis\u00e9s sont l\u2019apprentissage de la m\u00e9canique de base et la sensibilisation et la d\u00e9couverte du d\u00e9placement \u00e0 v\u00e9lo.<\/em><\/p>\n\n\n\n<p><em>Par ailleurs, Action V\u00e9lo repr\u00e9sente les usagers du v\u00e9lo (V\u00e9lo TAF) aupr\u00e8s des pouvoirs publics communaux. L\u2019association apporte son expertise quant au d\u00e9veloppement des itin\u00e9raires cyclables.&nbsp;<\/em><\/p>\n\n\n\n<p><a href=\"https:\/\/actionvelo.org\/\" target=\"_blank\" rel=\"noreferrer noopener\">https:\/\/actionvelo.org\/<\/a><\/p>\n\n\n\n<p><a href=\"https:\/\/www.facebook.com\/ActionVeloPaysAubagne\">https:\/\/www.facebook.com\/ActionVeloPaysAubagne<\/a><\/p>\n\n\n\n<figure class=\"wp-block-image size-full is-resized\"><a href=\"https:\/\/actionvelo.org\/\" target=\"_blank\" rel=\" noreferrer noopener\"><img loading=\"lazy\" decoding=\"async\" width=\"247\" height=\"176\" src=\"https:\/\/ul-cgt-aubagne.fr\/wp-content\/uploads\/2025\/07\/action-velo.jpg\" alt=\"\" class=\"wp-image-600\" style=\"width:400px;height:auto\"\/><\/a><figcaption class=\"wp-element-caption\">Action V\u00e9lo Aubagne<\/figcaption><\/figure>\n","protected":false},"excerpt":{"rendered":"<p>Action V\u00e9lo a pour objet \u00ab la promotion par tous moyens de l\u2019usage du v\u00e9lo comme mode de d\u00e9placement \u00bb ainsi que \u00ab la possibilit\u00e9 d\u2019ester en justice \u00bb (statuts).&nbsp;La couverture territoriale s\u2019\u00e9tend d\u2019Aubagne aux communes environnantes \u00e9quivalent \u00ab&nbsp;au Pays d\u2019Aubagne et de l\u2019Etoile&nbsp;\u00bb. &nbsp;Son domaine d\u2019activit\u00e9 comprend des activit\u00e9s de m\u00e9caniques participatives et de &hellip; <\/p>\n<p class=\"link-more\"><a href=\"https:\/\/ul-cgt-aubagne.fr\/index.php\/2025\/07\/22\/action-velo\/\" class=\"more-link\">Lire la suite de<span class=\"screen-reader-text\">\u00ab\u00a0Action V\u00e9lo\u00a0\u00bb<\/span><\/a><\/p>\n","protected":false},"author":1,"featured_media":600,"comment_status":"open","ping_status":"closed","sticky":false,"template":"","format":"standard","meta":{"footnotes":""},"categories":[10],"tags":[],"class_list":["post-666","post","type-post","status-publish","format-standard","has-post-thumbnail","hentry","category-3e"],"yoast_head":"<!-- This site is optimized with the Yoast SEO plugin v27.4 - https:\/\/yoast.com\/product\/yoast-seo-wordpress\/ -->\n<title>Action V\u00e9lo - Union Locale CGT Aubagne<\/title>\n<meta name=\"robots\" content=\"index, follow, max-snippet:-1, max-image-preview:large, max-video-preview:-1\" \/>\n<link rel=\"canonical\" href=\"https:\/\/ul-cgt-aubagne.fr\/index.php\/2025\/07\/22\/action-velo\/\" \/>\n<meta property=\"og:locale\" content=\"fr_FR\" \/>\n<meta property=\"og:type\" content=\"article\" \/>\n<meta property=\"og:title\" content=\"Action V\u00e9lo - Union Locale CGT Aubagne\" \/>\n<meta property=\"og:description\" content=\"Action V\u00e9lo a pour objet \u00ab la promotion par tous moyens de l\u2019usage du v\u00e9lo comme mode de d\u00e9placement \u00bb ainsi que \u00ab la possibilit\u00e9 d\u2019ester en justice \u00bb (statuts).&nbsp;La couverture territoriale s\u2019\u00e9tend d\u2019Aubagne aux communes environnantes \u00e9quivalent \u00ab&nbsp;au Pays d\u2019Aubagne et de l\u2019Etoile&nbsp;\u00bb. &nbsp;Son domaine d\u2019activit\u00e9 comprend des activit\u00e9s de m\u00e9caniques participatives et de &hellip; Lire la suite de\u00ab\u00a0Action V\u00e9lo\u00a0\u00bb\" \/>\n<meta property=\"og:url\" content=\"https:\/\/ul-cgt-aubagne.fr\/index.php\/2025\/07\/22\/action-velo\/\" \/>\n<meta property=\"og:site_name\" content=\"Union Locale CGT Aubagne\" \/>\n<meta property=\"article:publisher\" content=\"https:\/\/www.facebook.com\/ULCGTAubagne\/\" \/>\n<meta property=\"article:published_time\" content=\"2025-07-22T19:35:46+00:00\" \/>\n<meta property=\"article:modified_time\" content=\"2025-07-24T20:30:05+00:00\" \/>\n<meta property=\"og:image\" content=\"https:\/\/ul-cgt-aubagne.fr\/wp-content\/uploads\/2025\/07\/action-velo.jpg\" \/>\n\t<meta property=\"og:image:width\" content=\"247\" \/>\n\t<meta property=\"og:image:height\" content=\"176\" \/>\n\t<meta property=\"og:image:type\" content=\"image\/jpeg\" \/>\n<meta name=\"author\" content=\"admin\" \/>\n<meta name=\"twitter:card\" content=\"summary_large_image\" \/>\n<meta name=\"twitter:label1\" content=\"\u00c9crit par\" \/>\n\t<meta name=\"twitter:data1\" content=\"admin\" \/>\n\t<meta name=\"twitter:label2\" content=\"Dur\u00e9e de lecture estim\u00e9e\" \/>\n\t<meta name=\"twitter:data2\" content=\"2 minutes\" \/>\n<script type=\"application\/ld+json\" class=\"yoast-schema-graph\">{\"@context\":\"https:\\\/\\\/schema.org\",\"@graph\":[{\"@type\":\"Article\",\"@id\":\"https:\\\/\\\/ul-cgt-aubagne.fr\\\/index.php\\\/2025\\\/07\\\/22\\\/action-velo\\\/#article\",\"isPartOf\":{\"@id\":\"https:\\\/\\\/ul-cgt-aubagne.fr\\\/index.php\\\/2025\\\/07\\\/22\\\/action-velo\\\/\"},\"author\":{\"name\":\"admin\",\"@id\":\"https:\\\/\\\/ul-cgt-aubagne.fr\\\/#\\\/schema\\\/person\\\/2a85d0e135a2b994d91f4a2db8a2d1ed\"},\"headline\":\"Action V\u00e9lo\",\"datePublished\":\"2025-07-22T19:35:46+00:00\",\"dateModified\":\"2025-07-24T20:30:05+00:00\",\"mainEntityOfPage\":{\"@id\":\"https:\\\/\\\/ul-cgt-aubagne.fr\\\/index.php\\\/2025\\\/07\\\/22\\\/action-velo\\\/\"},\"wordCount\":162,\"commentCount\":0,\"publisher\":{\"@id\":\"https:\\\/\\\/ul-cgt-aubagne.fr\\\/#organization\"},\"image\":{\"@id\":\"https:\\\/\\\/ul-cgt-aubagne.fr\\\/index.php\\\/2025\\\/07\\\/22\\\/action-velo\\\/#primaryimage\"},\"thumbnailUrl\":\"https:\\\/\\\/ul-cgt-aubagne.fr\\\/wp-content\\\/uploads\\\/2025\\\/07\\\/action-velo.jpg\",\"articleSection\":[\"3E\"],\"inLanguage\":\"fr-FR\",\"potentialAction\":[{\"@type\":\"CommentAction\",\"name\":\"Comment\",\"target\":[\"https:\\\/\\\/ul-cgt-aubagne.fr\\\/index.php\\\/2025\\\/07\\\/22\\\/action-velo\\\/#respond\"]}]},{\"@type\":\"WebPage\",\"@id\":\"https:\\\/\\\/ul-cgt-aubagne.fr\\\/index.php\\\/2025\\\/07\\\/22\\\/action-velo\\\/\",\"url\":\"https:\\\/\\\/ul-cgt-aubagne.fr\\\/index.php\\\/2025\\\/07\\\/22\\\/action-velo\\\/\",\"name\":\"Action V\u00e9lo - Union Locale CGT Aubagne\",\"isPartOf\":{\"@id\":\"https:\\\/\\\/ul-cgt-aubagne.fr\\\/#website\"},\"primaryImageOfPage\":{\"@id\":\"https:\\\/\\\/ul-cgt-aubagne.fr\\\/index.php\\\/2025\\\/07\\\/22\\\/action-velo\\\/#primaryimage\"},\"image\":{\"@id\":\"https:\\\/\\\/ul-cgt-aubagne.fr\\\/index.php\\\/2025\\\/07\\\/22\\\/action-velo\\\/#primaryimage\"},\"thumbnailUrl\":\"https:\\\/\\\/ul-cgt-aubagne.fr\\\/wp-content\\\/uploads\\\/2025\\\/07\\\/action-velo.jpg\",\"datePublished\":\"2025-07-22T19:35:46+00:00\",\"dateModified\":\"2025-07-24T20:30:05+00:00\",\"breadcrumb\":{\"@id\":\"https:\\\/\\\/ul-cgt-aubagne.fr\\\/index.php\\\/2025\\\/07\\\/22\\\/action-velo\\\/#breadcrumb\"},\"inLanguage\":\"fr-FR\",\"potentialAction\":[{\"@type\":\"ReadAction\",\"target\":[\"https:\\\/\\\/ul-cgt-aubagne.fr\\\/index.php\\\/2025\\\/07\\\/22\\\/action-velo\\\/\"]}]},{\"@type\":\"ImageObject\",\"inLanguage\":\"fr-FR\",\"@id\":\"https:\\\/\\\/ul-cgt-aubagne.fr\\\/index.php\\\/2025\\\/07\\\/22\\\/action-velo\\\/#primaryimage\",\"url\":\"https:\\\/\\\/ul-cgt-aubagne.fr\\\/wp-content\\\/uploads\\\/2025\\\/07\\\/action-velo.jpg\",\"contentUrl\":\"https:\\\/\\\/ul-cgt-aubagne.fr\\\/wp-content\\\/uploads\\\/2025\\\/07\\\/action-velo.jpg\",\"width\":247,\"height\":176,\"caption\":\"Action V\u00e9lo Aubagne\"},{\"@type\":\"BreadcrumbList\",\"@id\":\"https:\\\/\\\/ul-cgt-aubagne.fr\\\/index.php\\\/2025\\\/07\\\/22\\\/action-velo\\\/#breadcrumb\",\"itemListElement\":[{\"@type\":\"ListItem\",\"position\":1,\"name\":\"Accueil\",\"item\":\"https:\\\/\\\/ul-cgt-aubagne.fr\\\/\"},{\"@type\":\"ListItem\",\"position\":2,\"name\":\"Action V\u00e9lo\"}]},{\"@type\":\"WebSite\",\"@id\":\"https:\\\/\\\/ul-cgt-aubagne.fr\\\/#website\",\"url\":\"https:\\\/\\\/ul-cgt-aubagne.fr\\\/\",\"name\":\"Union Locale CGT Aubagne\",\"description\":\"La CGT d&#039;Aubagne et sa R\u00e9gion\",\"publisher\":{\"@id\":\"https:\\\/\\\/ul-cgt-aubagne.fr\\\/#organization\"},\"potentialAction\":[{\"@type\":\"SearchAction\",\"target\":{\"@type\":\"EntryPoint\",\"urlTemplate\":\"https:\\\/\\\/ul-cgt-aubagne.fr\\\/?s={search_term_string}\"},\"query-input\":{\"@type\":\"PropertyValueSpecification\",\"valueRequired\":true,\"valueName\":\"search_term_string\"}}],\"inLanguage\":\"fr-FR\"},{\"@type\":\"Organization\",\"@id\":\"https:\\\/\\\/ul-cgt-aubagne.fr\\\/#organization\",\"name\":\"Union Locale CGT Aubagne\",\"url\":\"https:\\\/\\\/ul-cgt-aubagne.fr\\\/\",\"logo\":{\"@type\":\"ImageObject\",\"inLanguage\":\"fr-FR\",\"@id\":\"https:\\\/\\\/ul-cgt-aubagne.fr\\\/#\\\/schema\\\/logo\\\/image\\\/\",\"url\":\"https:\\\/\\\/ul-cgt-aubagne.fr\\\/wp-content\\\/uploads\\\/2025\\\/09\\\/20250921_091219-scaled.jpg\",\"contentUrl\":\"https:\\\/\\\/ul-cgt-aubagne.fr\\\/wp-content\\\/uploads\\\/2025\\\/09\\\/20250921_091219-scaled.jpg\",\"width\":1941,\"height\":2560,\"caption\":\"Union Locale CGT Aubagne\"},\"image\":{\"@id\":\"https:\\\/\\\/ul-cgt-aubagne.fr\\\/#\\\/schema\\\/logo\\\/image\\\/\"},\"sameAs\":[\"https:\\\/\\\/www.facebook.com\\\/ULCGTAubagne\\\/\"]},{\"@type\":\"Person\",\"@id\":\"https:\\\/\\\/ul-cgt-aubagne.fr\\\/#\\\/schema\\\/person\\\/2a85d0e135a2b994d91f4a2db8a2d1ed\",\"name\":\"admin\",\"image\":{\"@type\":\"ImageObject\",\"inLanguage\":\"fr-FR\",\"@id\":\"https:\\\/\\\/secure.gravatar.com\\\/avatar\\\/5028fcebae3f6a3b06f744eeb7347c186f3aedbb8bd13377e58bc66498491b42?s=96&d=mm&r=g\",\"url\":\"https:\\\/\\\/secure.gravatar.com\\\/avatar\\\/5028fcebae3f6a3b06f744eeb7347c186f3aedbb8bd13377e58bc66498491b42?s=96&d=mm&r=g\",\"contentUrl\":\"https:\\\/\\\/secure.gravatar.com\\\/avatar\\\/5028fcebae3f6a3b06f744eeb7347c186f3aedbb8bd13377e58bc66498491b42?s=96&d=mm&r=g\",\"caption\":\"admin\"},\"sameAs\":[\"http:\\\/\\\/ul-cgt-aubagne.fr\"],\"url\":\"https:\\\/\\\/ul-cgt-aubagne.fr\\\/index.php\\\/author\\\/admin\\\/\"}]}<\/script>\n<!-- \/ Yoast SEO plugin. -->","yoast_head_json":{"title":"Action V\u00e9lo - Union Locale CGT Aubagne","robots":{"index":"index","follow":"follow","max-snippet":"max-snippet:-1","max-image-preview":"max-image-preview:large","max-video-preview":"max-video-preview:-1"},"canonical":"https:\/\/ul-cgt-aubagne.fr\/index.php\/2025\/07\/22\/action-velo\/","og_locale":"fr_FR","og_type":"article","og_title":"Action V\u00e9lo - Union Locale CGT Aubagne","og_description":"Action V\u00e9lo a pour objet \u00ab la promotion par tous moyens de l\u2019usage du v\u00e9lo comme mode de d\u00e9placement \u00bb ainsi que \u00ab la possibilit\u00e9 d\u2019ester en justice \u00bb (statuts).&nbsp;La couverture territoriale s\u2019\u00e9tend d\u2019Aubagne aux communes environnantes \u00e9quivalent \u00ab&nbsp;au Pays d\u2019Aubagne et de l\u2019Etoile&nbsp;\u00bb. &nbsp;Son domaine d\u2019activit\u00e9 comprend des activit\u00e9s de m\u00e9caniques participatives et de &hellip; Lire la suite de\u00ab\u00a0Action V\u00e9lo\u00a0\u00bb","og_url":"https:\/\/ul-cgt-aubagne.fr\/index.php\/2025\/07\/22\/action-velo\/","og_site_name":"Union Locale CGT Aubagne","article_publisher":"https:\/\/www.facebook.com\/ULCGTAubagne\/","article_published_time":"2025-07-22T19:35:46+00:00","article_modified_time":"2025-07-24T20:30:05+00:00","og_image":[{"width":247,"height":176,"url":"https:\/\/ul-cgt-aubagne.fr\/wp-content\/uploads\/2025\/07\/action-velo.jpg","type":"image\/jpeg"}],"author":"admin","twitter_card":"summary_large_image","twitter_misc":{"\u00c9crit par":"admin","Dur\u00e9e de lecture estim\u00e9e":"2 minutes"},"schema":{"@context":"https:\/\/schema.org","@graph":[{"@type":"Article","@id":"https:\/\/ul-cgt-aubagne.fr\/index.php\/2025\/07\/22\/action-velo\/#article","isPartOf":{"@id":"https:\/\/ul-cgt-aubagne.fr\/index.php\/2025\/07\/22\/action-velo\/"},"author":{"name":"admin","@id":"https:\/\/ul-cgt-aubagne.fr\/#\/schema\/person\/2a85d0e135a2b994d91f4a2db8a2d1ed"},"headline":"Action V\u00e9lo","datePublished":"2025-07-22T19:35:46+00:00","dateModified":"2025-07-24T20:30:05+00:00","mainEntityOfPage":{"@id":"https:\/\/ul-cgt-aubagne.fr\/index.php\/2025\/07\/22\/action-velo\/"},"wordCount":162,"commentCount":0,"publisher":{"@id":"https:\/\/ul-cgt-aubagne.fr\/#organization"},"image":{"@id":"https:\/\/ul-cgt-aubagne.fr\/index.php\/2025\/07\/22\/action-velo\/#primaryimage"},"thumbnailUrl":"https:\/\/ul-cgt-aubagne.fr\/wp-content\/uploads\/2025\/07\/action-velo.jpg","articleSection":["3E"],"inLanguage":"fr-FR","potentialAction":[{"@type":"CommentAction","name":"Comment","target":["https:\/\/ul-cgt-aubagne.fr\/index.php\/2025\/07\/22\/action-velo\/#respond"]}]},{"@type":"WebPage","@id":"https:\/\/ul-cgt-aubagne.fr\/index.php\/2025\/07\/22\/action-velo\/","url":"https:\/\/ul-cgt-aubagne.fr\/index.php\/2025\/07\/22\/action-velo\/","name":"Action V\u00e9lo - Union Locale CGT Aubagne","isPartOf":{"@id":"https:\/\/ul-cgt-aubagne.fr\/#website"},"primaryImageOfPage":{"@id":"https:\/\/ul-cgt-aubagne.fr\/index.php\/2025\/07\/22\/action-velo\/#primaryimage"},"image":{"@id":"https:\/\/ul-cgt-aubagne.fr\/index.php\/2025\/07\/22\/action-velo\/#primaryimage"},"thumbnailUrl":"https:\/\/ul-cgt-aubagne.fr\/wp-content\/uploads\/2025\/07\/action-velo.jpg","datePublished":"2025-07-22T19:35:46+00:00","dateModified":"2025-07-24T20:30:05+00:00","breadcrumb":{"@id":"https:\/\/ul-cgt-aubagne.fr\/index.php\/2025\/07\/22\/action-velo\/#breadcrumb"},"inLanguage":"fr-FR","potentialAction":[{"@type":"ReadAction","target":["https:\/\/ul-cgt-aubagne.fr\/index.php\/2025\/07\/22\/action-velo\/"]}]},{"@type":"ImageObject","inLanguage":"fr-FR","@id":"https:\/\/ul-cgt-aubagne.fr\/index.php\/2025\/07\/22\/action-velo\/#primaryimage","url":"https:\/\/ul-cgt-aubagne.fr\/wp-content\/uploads\/2025\/07\/action-velo.jpg","contentUrl":"https:\/\/ul-cgt-aubagne.fr\/wp-content\/uploads\/2025\/07\/action-velo.jpg","width":247,"height":176,"caption":"Action V\u00e9lo Aubagne"},{"@type":"BreadcrumbList","@id":"https:\/\/ul-cgt-aubagne.fr\/index.php\/2025\/07\/22\/action-velo\/#breadcrumb","itemListElement":[{"@type":"ListItem","position":1,"name":"Accueil","item":"https:\/\/ul-cgt-aubagne.fr\/"},{"@type":"ListItem","position":2,"name":"Action V\u00e9lo"}]},{"@type":"WebSite","@id":"https:\/\/ul-cgt-aubagne.fr\/#website","url":"https:\/\/ul-cgt-aubagne.fr\/","name":"Union Locale CGT Aubagne","description":"La CGT d&#039;Aubagne et sa R\u00e9gion","publisher":{"@id":"https:\/\/ul-cgt-aubagne.fr\/#organization"},"potentialAction":[{"@type":"SearchAction","target":{"@type":"EntryPoint","urlTemplate":"https:\/\/ul-cgt-aubagne.fr\/?s={search_term_string}"},"query-input":{"@type":"PropertyValueSpecification","valueRequired":true,"valueName":"search_term_string"}}],"inLanguage":"fr-FR"},{"@type":"Organization","@id":"https:\/\/ul-cgt-aubagne.fr\/#organization","name":"Union Locale CGT Aubagne","url":"https:\/\/ul-cgt-aubagne.fr\/","logo":{"@type":"ImageObject","inLanguage":"fr-FR","@id":"https:\/\/ul-cgt-aubagne.fr\/#\/schema\/logo\/image\/","url":"https:\/\/ul-cgt-aubagne.fr\/wp-content\/uploads\/2025\/09\/20250921_091219-scaled.jpg","contentUrl":"https:\/\/ul-cgt-aubagne.fr\/wp-content\/uploads\/2025\/09\/20250921_091219-scaled.jpg","width":1941,"height":2560,"caption":"Union Locale CGT Aubagne"},"image":{"@id":"https:\/\/ul-cgt-aubagne.fr\/#\/schema\/logo\/image\/"},"sameAs":["https:\/\/www.facebook.com\/ULCGTAubagne\/"]},{"@type":"Person","@id":"https:\/\/ul-cgt-aubagne.fr\/#\/schema\/person\/2a85d0e135a2b994d91f4a2db8a2d1ed","name":"admin","image":{"@type":"ImageObject","inLanguage":"fr-FR","@id":"https:\/\/secure.gravatar.com\/avatar\/5028fcebae3f6a3b06f744eeb7347c186f3aedbb8bd13377e58bc66498491b42?s=96&d=mm&r=g","url":"https:\/\/secure.gravatar.com\/avatar\/5028fcebae3f6a3b06f744eeb7347c186f3aedbb8bd13377e58bc66498491b42?s=96&d=mm&r=g","contentUrl":"https:\/\/secure.gravatar.com\/avatar\/5028fcebae3f6a3b06f744eeb7347c186f3aedbb8bd13377e58bc66498491b42?s=96&d=mm&r=g","caption":"admin"},"sameAs":["http:\/\/ul-cgt-aubagne.fr"],"url":"https:\/\/ul-cgt-aubagne.fr\/index.php\/author\/admin\/"}]}},"_links":{"self":[{"href":"https:\/\/ul-cgt-aubagne.fr\/index.php\/wp-json\/wp\/v2\/posts\/666","targetHints":{"allow":["GET"]}}],"collection":[{"href":"https:\/\/ul-cgt-aubagne.fr\/index.php\/wp-json\/wp\/v2\/posts"}],"about":[{"href":"https:\/\/ul-cgt-aubagne.fr\/index.php\/wp-json\/wp\/v2\/types\/post"}],"author":[{"embeddable":true,"href":"https:\/\/ul-cgt-aubagne.fr\/index.php\/wp-json\/wp\/v2\/users\/1"}],"replies":[{"embeddable":true,"href":"https:\/\/ul-cgt-aubagne.fr\/index.php\/wp-json\/wp\/v2\/comments?post=666"}],"version-history":[{"count":4,"href":"https:\/\/ul-cgt-aubagne.fr\/index.php\/wp-json\/wp\/v2\/posts\/666\/revisions"}],"predecessor-version":[{"id":829,"href":"https:\/\/ul-cgt-aubagne.fr\/index.php\/wp-json\/wp\/v2\/posts\/666\/revisions\/829"}],"wp:featuredmedia":[{"embeddable":true,"href":"https:\/\/ul-cgt-aubagne.fr\/index.php\/wp-json\/wp\/v2\/media\/600"}],"wp:attachment":[{"href":"https:\/\/ul-cgt-aubagne.fr\/index.php\/wp-json\/wp\/v2\/media?parent=666"}],"wp:term":[{"taxonomy":"category","embeddable":true,"href":"https:\/\/ul-cgt-aubagne.fr\/index.php\/wp-json\/wp\/v2\/categories?post=666"},{"taxonomy":"post_tag","embeddable":true,"href":"https:\/\/ul-cgt-aubagne.fr\/index.php\/wp-json\/wp\/v2\/tags?post=666"}],"curies":[{"name":"wp","href":"https:\/\/api.w.org\/{rel}","templated":true}]}}