{"id":657,"date":"2025-07-22T21:32:18","date_gmt":"2025-07-22T19:32:18","guid":{"rendered":"https:\/\/ul-cgt-aubagne.fr\/?p=657"},"modified":"2025-07-24T10:47:23","modified_gmt":"2025-07-24T08:47:23","slug":"attac-marseille","status":"publish","type":"post","link":"https:\/\/ul-cgt-aubagne.fr\/index.php\/2025\/07\/22\/attac-marseille\/","title":{"rendered":"attac Marseille"},"content":{"rendered":"\n<p><br>Sur un territoire qui couvre le sud-est du d\u00e9partement, nous d\u00e9clinons localement l&rsquo;activit\u00e9 d&rsquo;Attac France : nous militons pour la justice sociale, fiscale et \u00e9cologiste et contestons le pouvoir des puissances financi\u00e8res sur les peuples et la nature, en alliant analyse, information et action citoyenne.<\/p>\n\n\n\n<p><a href=\"https:\/\/marseille.site.attac.org\" target=\"_blank\" rel=\"noreferrer noopener\">https:\/\/marseille.site.attac.org<\/a><\/p>\n\n\n\n<figure class=\"wp-block-image size-full\"><img loading=\"lazy\" decoding=\"async\" width=\"188\" height=\"144\" src=\"https:\/\/ul-cgt-aubagne.fr\/wp-content\/uploads\/2025\/07\/ATTAC-Marseille.png\" alt=\"\" class=\"wp-image-597\"\/><figcaption class=\"wp-element-caption\">Attac Marseille<\/figcaption><\/figure>\n","protected":false},"excerpt":{"rendered":"<p>Sur un territoire qui couvre le sud-est du d\u00e9partement, nous d\u00e9clinons localement l&rsquo;activit\u00e9 d&rsquo;Attac France : nous militons pour la justice sociale, fiscale et \u00e9cologiste et contestons le pouvoir des puissances financi\u00e8res sur les peuples et la nature, en alliant analyse, information et action citoyenne. https:\/\/marseille.site.attac.org<\/p>\n","protected":false},"author":1,"featured_media":597,"comment_status":"open","ping_status":"","sticky":false,"template":"","format":"standard","meta":{"footnotes":""},"categories":[10],"tags":[],"class_list":["post-657","post","type-post","status-publish","format-standard","has-post-thumbnail","hentry","category-3e"],"yoast_head":"<!-- This site is optimized with the Yoast SEO plugin v27.4 - https:\/\/yoast.com\/product\/yoast-seo-wordpress\/ -->\n<title>attac Marseille - Union Locale CGT Aubagne<\/title>\n<meta name=\"robots\" content=\"index, follow, max-snippet:-1, max-image-preview:large, max-video-preview:-1\" \/>\n<link rel=\"canonical\" href=\"https:\/\/ul-cgt-aubagne.fr\/index.php\/2025\/07\/22\/attac-marseille\/\" \/>\n<meta property=\"og:locale\" content=\"fr_FR\" \/>\n<meta property=\"og:type\" content=\"article\" \/>\n<meta property=\"og:title\" content=\"attac Marseille - Union Locale CGT Aubagne\" \/>\n<meta property=\"og:description\" content=\"Sur un territoire qui couvre le sud-est du d\u00e9partement, nous d\u00e9clinons localement l&rsquo;activit\u00e9 d&rsquo;Attac France : nous militons pour la justice sociale, fiscale et \u00e9cologiste et contestons le pouvoir des puissances financi\u00e8res sur les peuples et la nature, en alliant analyse, information et action citoyenne. https:\/\/marseille.site.attac.org\" \/>\n<meta property=\"og:url\" content=\"https:\/\/ul-cgt-aubagne.fr\/index.php\/2025\/07\/22\/attac-marseille\/\" \/>\n<meta property=\"og:site_name\" content=\"Union Locale CGT Aubagne\" \/>\n<meta property=\"article:publisher\" content=\"https:\/\/www.facebook.com\/ULCGTAubagne\/\" \/>\n<meta property=\"article:published_time\" content=\"2025-07-22T19:32:18+00:00\" \/>\n<meta property=\"article:modified_time\" content=\"2025-07-24T08:47:23+00:00\" \/>\n<meta property=\"og:image\" content=\"https:\/\/ul-cgt-aubagne.fr\/wp-content\/uploads\/2025\/07\/ATTAC-Marseille.png\" \/>\n\t<meta property=\"og:image:width\" content=\"188\" \/>\n\t<meta property=\"og:image:height\" content=\"144\" \/>\n\t<meta property=\"og:image:type\" content=\"image\/png\" \/>\n<meta name=\"author\" content=\"admin\" \/>\n<meta name=\"twitter:card\" content=\"summary_large_image\" \/>\n<meta name=\"twitter:label1\" content=\"\u00c9crit par\" \/>\n\t<meta name=\"twitter:data1\" content=\"admin\" \/>\n<script type=\"application\/ld+json\" class=\"yoast-schema-graph\">{\"@context\":\"https:\\\/\\\/schema.org\",\"@graph\":[{\"@type\":\"Article\",\"@id\":\"https:\\\/\\\/ul-cgt-aubagne.fr\\\/index.php\\\/2025\\\/07\\\/22\\\/attac-marseille\\\/#article\",\"isPartOf\":{\"@id\":\"https:\\\/\\\/ul-cgt-aubagne.fr\\\/index.php\\\/2025\\\/07\\\/22\\\/attac-marseille\\\/\"},\"author\":{\"name\":\"admin\",\"@id\":\"https:\\\/\\\/ul-cgt-aubagne.fr\\\/#\\\/schema\\\/person\\\/2a85d0e135a2b994d91f4a2db8a2d1ed\"},\"headline\":\"attac Marseille\",\"datePublished\":\"2025-07-22T19:32:18+00:00\",\"dateModified\":\"2025-07-24T08:47:23+00:00\",\"mainEntityOfPage\":{\"@id\":\"https:\\\/\\\/ul-cgt-aubagne.fr\\\/index.php\\\/2025\\\/07\\\/22\\\/attac-marseille\\\/\"},\"wordCount\":58,\"commentCount\":0,\"publisher\":{\"@id\":\"https:\\\/\\\/ul-cgt-aubagne.fr\\\/#organization\"},\"image\":{\"@id\":\"https:\\\/\\\/ul-cgt-aubagne.fr\\\/index.php\\\/2025\\\/07\\\/22\\\/attac-marseille\\\/#primaryimage\"},\"thumbnailUrl\":\"https:\\\/\\\/ul-cgt-aubagne.fr\\\/wp-content\\\/uploads\\\/2025\\\/07\\\/ATTAC-Marseille.png\",\"articleSection\":[\"3E\"],\"inLanguage\":\"fr-FR\",\"potentialAction\":[{\"@type\":\"CommentAction\",\"name\":\"Comment\",\"target\":[\"https:\\\/\\\/ul-cgt-aubagne.fr\\\/index.php\\\/2025\\\/07\\\/22\\\/attac-marseille\\\/#respond\"]}]},{\"@type\":\"WebPage\",\"@id\":\"https:\\\/\\\/ul-cgt-aubagne.fr\\\/index.php\\\/2025\\\/07\\\/22\\\/attac-marseille\\\/\",\"url\":\"https:\\\/\\\/ul-cgt-aubagne.fr\\\/index.php\\\/2025\\\/07\\\/22\\\/attac-marseille\\\/\",\"name\":\"attac Marseille - Union Locale CGT Aubagne\",\"isPartOf\":{\"@id\":\"https:\\\/\\\/ul-cgt-aubagne.fr\\\/#website\"},\"primaryImageOfPage\":{\"@id\":\"https:\\\/\\\/ul-cgt-aubagne.fr\\\/index.php\\\/2025\\\/07\\\/22\\\/attac-marseille\\\/#primaryimage\"},\"image\":{\"@id\":\"https:\\\/\\\/ul-cgt-aubagne.fr\\\/index.php\\\/2025\\\/07\\\/22\\\/attac-marseille\\\/#primaryimage\"},\"thumbnailUrl\":\"https:\\\/\\\/ul-cgt-aubagne.fr\\\/wp-content\\\/uploads\\\/2025\\\/07\\\/ATTAC-Marseille.png\",\"datePublished\":\"2025-07-22T19:32:18+00:00\",\"dateModified\":\"2025-07-24T08:47:23+00:00\",\"breadcrumb\":{\"@id\":\"https:\\\/\\\/ul-cgt-aubagne.fr\\\/index.php\\\/2025\\\/07\\\/22\\\/attac-marseille\\\/#breadcrumb\"},\"inLanguage\":\"fr-FR\",\"potentialAction\":[{\"@type\":\"ReadAction\",\"target\":[\"https:\\\/\\\/ul-cgt-aubagne.fr\\\/index.php\\\/2025\\\/07\\\/22\\\/attac-marseille\\\/\"]}]},{\"@type\":\"ImageObject\",\"inLanguage\":\"fr-FR\",\"@id\":\"https:\\\/\\\/ul-cgt-aubagne.fr\\\/index.php\\\/2025\\\/07\\\/22\\\/attac-marseille\\\/#primaryimage\",\"url\":\"https:\\\/\\\/ul-cgt-aubagne.fr\\\/wp-content\\\/uploads\\\/2025\\\/07\\\/ATTAC-Marseille.png\",\"contentUrl\":\"https:\\\/\\\/ul-cgt-aubagne.fr\\\/wp-content\\\/uploads\\\/2025\\\/07\\\/ATTAC-Marseille.png\",\"width\":188,\"height\":144,\"caption\":\"Attac Marseille\"},{\"@type\":\"BreadcrumbList\",\"@id\":\"https:\\\/\\\/ul-cgt-aubagne.fr\\\/index.php\\\/2025\\\/07\\\/22\\\/attac-marseille\\\/#breadcrumb\",\"itemListElement\":[{\"@type\":\"ListItem\",\"position\":1,\"name\":\"Accueil\",\"item\":\"https:\\\/\\\/ul-cgt-aubagne.fr\\\/\"},{\"@type\":\"ListItem\",\"position\":2,\"name\":\"attac Marseille\"}]},{\"@type\":\"WebSite\",\"@id\":\"https:\\\/\\\/ul-cgt-aubagne.fr\\\/#website\",\"url\":\"https:\\\/\\\/ul-cgt-aubagne.fr\\\/\",\"name\":\"Union Locale CGT Aubagne\",\"description\":\"La CGT d&#039;Aubagne et sa R\u00e9gion\",\"publisher\":{\"@id\":\"https:\\\/\\\/ul-cgt-aubagne.fr\\\/#organization\"},\"potentialAction\":[{\"@type\":\"SearchAction\",\"target\":{\"@type\":\"EntryPoint\",\"urlTemplate\":\"https:\\\/\\\/ul-cgt-aubagne.fr\\\/?s={search_term_string}\"},\"query-input\":{\"@type\":\"PropertyValueSpecification\",\"valueRequired\":true,\"valueName\":\"search_term_string\"}}],\"inLanguage\":\"fr-FR\"},{\"@type\":\"Organization\",\"@id\":\"https:\\\/\\\/ul-cgt-aubagne.fr\\\/#organization\",\"name\":\"Union Locale CGT Aubagne\",\"url\":\"https:\\\/\\\/ul-cgt-aubagne.fr\\\/\",\"logo\":{\"@type\":\"ImageObject\",\"inLanguage\":\"fr-FR\",\"@id\":\"https:\\\/\\\/ul-cgt-aubagne.fr\\\/#\\\/schema\\\/logo\\\/image\\\/\",\"url\":\"https:\\\/\\\/ul-cgt-aubagne.fr\\\/wp-content\\\/uploads\\\/2025\\\/09\\\/20250921_091219-scaled.jpg\",\"contentUrl\":\"https:\\\/\\\/ul-cgt-aubagne.fr\\\/wp-content\\\/uploads\\\/2025\\\/09\\\/20250921_091219-scaled.jpg\",\"width\":1941,\"height\":2560,\"caption\":\"Union Locale CGT Aubagne\"},\"image\":{\"@id\":\"https:\\\/\\\/ul-cgt-aubagne.fr\\\/#\\\/schema\\\/logo\\\/image\\\/\"},\"sameAs\":[\"https:\\\/\\\/www.facebook.com\\\/ULCGTAubagne\\\/\"]},{\"@type\":\"Person\",\"@id\":\"https:\\\/\\\/ul-cgt-aubagne.fr\\\/#\\\/schema\\\/person\\\/2a85d0e135a2b994d91f4a2db8a2d1ed\",\"name\":\"admin\",\"image\":{\"@type\":\"ImageObject\",\"inLanguage\":\"fr-FR\",\"@id\":\"https:\\\/\\\/secure.gravatar.com\\\/avatar\\\/5028fcebae3f6a3b06f744eeb7347c186f3aedbb8bd13377e58bc66498491b42?s=96&d=mm&r=g\",\"url\":\"https:\\\/\\\/secure.gravatar.com\\\/avatar\\\/5028fcebae3f6a3b06f744eeb7347c186f3aedbb8bd13377e58bc66498491b42?s=96&d=mm&r=g\",\"contentUrl\":\"https:\\\/\\\/secure.gravatar.com\\\/avatar\\\/5028fcebae3f6a3b06f744eeb7347c186f3aedbb8bd13377e58bc66498491b42?s=96&d=mm&r=g\",\"caption\":\"admin\"},\"sameAs\":[\"http:\\\/\\\/ul-cgt-aubagne.fr\"],\"url\":\"https:\\\/\\\/ul-cgt-aubagne.fr\\\/index.php\\\/author\\\/admin\\\/\"}]}<\/script>\n<!-- \/ Yoast SEO plugin. -->","yoast_head_json":{"title":"attac Marseille - Union Locale CGT Aubagne","robots":{"index":"index","follow":"follow","max-snippet":"max-snippet:-1","max-image-preview":"max-image-preview:large","max-video-preview":"max-video-preview:-1"},"canonical":"https:\/\/ul-cgt-aubagne.fr\/index.php\/2025\/07\/22\/attac-marseille\/","og_locale":"fr_FR","og_type":"article","og_title":"attac Marseille - Union Locale CGT Aubagne","og_description":"Sur un territoire qui couvre le sud-est du d\u00e9partement, nous d\u00e9clinons localement l&rsquo;activit\u00e9 d&rsquo;Attac France : nous militons pour la justice sociale, fiscale et \u00e9cologiste et contestons le pouvoir des puissances financi\u00e8res sur les peuples et la nature, en alliant analyse, information et action citoyenne. https:\/\/marseille.site.attac.org","og_url":"https:\/\/ul-cgt-aubagne.fr\/index.php\/2025\/07\/22\/attac-marseille\/","og_site_name":"Union Locale CGT Aubagne","article_publisher":"https:\/\/www.facebook.com\/ULCGTAubagne\/","article_published_time":"2025-07-22T19:32:18+00:00","article_modified_time":"2025-07-24T08:47:23+00:00","og_image":[{"width":188,"height":144,"url":"https:\/\/ul-cgt-aubagne.fr\/wp-content\/uploads\/2025\/07\/ATTAC-Marseille.png","type":"image\/png"}],"author":"admin","twitter_card":"summary_large_image","twitter_misc":{"\u00c9crit par":"admin"},"schema":{"@context":"https:\/\/schema.org","@graph":[{"@type":"Article","@id":"https:\/\/ul-cgt-aubagne.fr\/index.php\/2025\/07\/22\/attac-marseille\/#article","isPartOf":{"@id":"https:\/\/ul-cgt-aubagne.fr\/index.php\/2025\/07\/22\/attac-marseille\/"},"author":{"name":"admin","@id":"https:\/\/ul-cgt-aubagne.fr\/#\/schema\/person\/2a85d0e135a2b994d91f4a2db8a2d1ed"},"headline":"attac Marseille","datePublished":"2025-07-22T19:32:18+00:00","dateModified":"2025-07-24T08:47:23+00:00","mainEntityOfPage":{"@id":"https:\/\/ul-cgt-aubagne.fr\/index.php\/2025\/07\/22\/attac-marseille\/"},"wordCount":58,"commentCount":0,"publisher":{"@id":"https:\/\/ul-cgt-aubagne.fr\/#organization"},"image":{"@id":"https:\/\/ul-cgt-aubagne.fr\/index.php\/2025\/07\/22\/attac-marseille\/#primaryimage"},"thumbnailUrl":"https:\/\/ul-cgt-aubagne.fr\/wp-content\/uploads\/2025\/07\/ATTAC-Marseille.png","articleSection":["3E"],"inLanguage":"fr-FR","potentialAction":[{"@type":"CommentAction","name":"Comment","target":["https:\/\/ul-cgt-aubagne.fr\/index.php\/2025\/07\/22\/attac-marseille\/#respond"]}]},{"@type":"WebPage","@id":"https:\/\/ul-cgt-aubagne.fr\/index.php\/2025\/07\/22\/attac-marseille\/","url":"https:\/\/ul-cgt-aubagne.fr\/index.php\/2025\/07\/22\/attac-marseille\/","name":"attac Marseille - Union Locale CGT Aubagne","isPartOf":{"@id":"https:\/\/ul-cgt-aubagne.fr\/#website"},"primaryImageOfPage":{"@id":"https:\/\/ul-cgt-aubagne.fr\/index.php\/2025\/07\/22\/attac-marseille\/#primaryimage"},"image":{"@id":"https:\/\/ul-cgt-aubagne.fr\/index.php\/2025\/07\/22\/attac-marseille\/#primaryimage"},"thumbnailUrl":"https:\/\/ul-cgt-aubagne.fr\/wp-content\/uploads\/2025\/07\/ATTAC-Marseille.png","datePublished":"2025-07-22T19:32:18+00:00","dateModified":"2025-07-24T08:47:23+00:00","breadcrumb":{"@id":"https:\/\/ul-cgt-aubagne.fr\/index.php\/2025\/07\/22\/attac-marseille\/#breadcrumb"},"inLanguage":"fr-FR","potentialAction":[{"@type":"ReadAction","target":["https:\/\/ul-cgt-aubagne.fr\/index.php\/2025\/07\/22\/attac-marseille\/"]}]},{"@type":"ImageObject","inLanguage":"fr-FR","@id":"https:\/\/ul-cgt-aubagne.fr\/index.php\/2025\/07\/22\/attac-marseille\/#primaryimage","url":"https:\/\/ul-cgt-aubagne.fr\/wp-content\/uploads\/2025\/07\/ATTAC-Marseille.png","contentUrl":"https:\/\/ul-cgt-aubagne.fr\/wp-content\/uploads\/2025\/07\/ATTAC-Marseille.png","width":188,"height":144,"caption":"Attac Marseille"},{"@type":"BreadcrumbList","@id":"https:\/\/ul-cgt-aubagne.fr\/index.php\/2025\/07\/22\/attac-marseille\/#breadcrumb","itemListElement":[{"@type":"ListItem","position":1,"name":"Accueil","item":"https:\/\/ul-cgt-aubagne.fr\/"},{"@type":"ListItem","position":2,"name":"attac Marseille"}]},{"@type":"WebSite","@id":"https:\/\/ul-cgt-aubagne.fr\/#website","url":"https:\/\/ul-cgt-aubagne.fr\/","name":"Union Locale CGT Aubagne","description":"La CGT d&#039;Aubagne et sa R\u00e9gion","publisher":{"@id":"https:\/\/ul-cgt-aubagne.fr\/#organization"},"potentialAction":[{"@type":"SearchAction","target":{"@type":"EntryPoint","urlTemplate":"https:\/\/ul-cgt-aubagne.fr\/?s={search_term_string}"},"query-input":{"@type":"PropertyValueSpecification","valueRequired":true,"valueName":"search_term_string"}}],"inLanguage":"fr-FR"},{"@type":"Organization","@id":"https:\/\/ul-cgt-aubagne.fr\/#organization","name":"Union Locale CGT Aubagne","url":"https:\/\/ul-cgt-aubagne.fr\/","logo":{"@type":"ImageObject","inLanguage":"fr-FR","@id":"https:\/\/ul-cgt-aubagne.fr\/#\/schema\/logo\/image\/","url":"https:\/\/ul-cgt-aubagne.fr\/wp-content\/uploads\/2025\/09\/20250921_091219-scaled.jpg","contentUrl":"https:\/\/ul-cgt-aubagne.fr\/wp-content\/uploads\/2025\/09\/20250921_091219-scaled.jpg","width":1941,"height":2560,"caption":"Union Locale CGT Aubagne"},"image":{"@id":"https:\/\/ul-cgt-aubagne.fr\/#\/schema\/logo\/image\/"},"sameAs":["https:\/\/www.facebook.com\/ULCGTAubagne\/"]},{"@type":"Person","@id":"https:\/\/ul-cgt-aubagne.fr\/#\/schema\/person\/2a85d0e135a2b994d91f4a2db8a2d1ed","name":"admin","image":{"@type":"ImageObject","inLanguage":"fr-FR","@id":"https:\/\/secure.gravatar.com\/avatar\/5028fcebae3f6a3b06f744eeb7347c186f3aedbb8bd13377e58bc66498491b42?s=96&d=mm&r=g","url":"https:\/\/secure.gravatar.com\/avatar\/5028fcebae3f6a3b06f744eeb7347c186f3aedbb8bd13377e58bc66498491b42?s=96&d=mm&r=g","contentUrl":"https:\/\/secure.gravatar.com\/avatar\/5028fcebae3f6a3b06f744eeb7347c186f3aedbb8bd13377e58bc66498491b42?s=96&d=mm&r=g","caption":"admin"},"sameAs":["http:\/\/ul-cgt-aubagne.fr"],"url":"https:\/\/ul-cgt-aubagne.fr\/index.php\/author\/admin\/"}]}},"_links":{"self":[{"href":"https:\/\/ul-cgt-aubagne.fr\/index.php\/wp-json\/wp\/v2\/posts\/657","targetHints":{"allow":["GET"]}}],"collection":[{"href":"https:\/\/ul-cgt-aubagne.fr\/index.php\/wp-json\/wp\/v2\/posts"}],"about":[{"href":"https:\/\/ul-cgt-aubagne.fr\/index.php\/wp-json\/wp\/v2\/types\/post"}],"author":[{"embeddable":true,"href":"https:\/\/ul-cgt-aubagne.fr\/index.php\/wp-json\/wp\/v2\/users\/1"}],"replies":[{"embeddable":true,"href":"https:\/\/ul-cgt-aubagne.fr\/index.php\/wp-json\/wp\/v2\/comments?post=657"}],"version-history":[{"count":4,"href":"https:\/\/ul-cgt-aubagne.fr\/index.php\/wp-json\/wp\/v2\/posts\/657\/revisions"}],"predecessor-version":[{"id":800,"href":"https:\/\/ul-cgt-aubagne.fr\/index.php\/wp-json\/wp\/v2\/posts\/657\/revisions\/800"}],"wp:featuredmedia":[{"embeddable":true,"href":"https:\/\/ul-cgt-aubagne.fr\/index.php\/wp-json\/wp\/v2\/media\/597"}],"wp:attachment":[{"href":"https:\/\/ul-cgt-aubagne.fr\/index.php\/wp-json\/wp\/v2\/media?parent=657"}],"wp:term":[{"taxonomy":"category","embeddable":true,"href":"https:\/\/ul-cgt-aubagne.fr\/index.php\/wp-json\/wp\/v2\/categories?post=657"},{"taxonomy":"post_tag","embeddable":true,"href":"https:\/\/ul-cgt-aubagne.fr\/index.php\/wp-json\/wp\/v2\/tags?post=657"}],"curies":[{"name":"wp","href":"https:\/\/api.w.org\/{rel}","templated":true}]}}