{"id":654,"date":"2025-07-22T21:30:36","date_gmt":"2025-07-22T19:30:36","guid":{"rendered":"https:\/\/ul-cgt-aubagne.fr\/?p=654"},"modified":"2025-08-07T12:08:56","modified_gmt":"2025-08-07T10:08:56","slug":"collectif-de-la-louve","status":"publish","type":"post","link":"https:\/\/ul-cgt-aubagne.fr\/index.php\/2025\/07\/22\/collectif-de-la-louve\/","title":{"rendered":"Collectif de la Louve"},"content":{"rendered":"\n<p><em>Les collectifs aubagnais unis &#8211; <a href=\"https:\/\/ul-cgt-aubagne.fr\/index.php\/2025\/07\/22\/collectif-carriere-borie\/\">Carri\u00e8re Borie<\/a>, <a href=\"https:\/\/ul-cgt-aubagne.fr\/index.php\/2025\/07\/22\/collectif-des-habitants-du-garlaban\/\">Habitants du Garlaban<\/a> et La Louve &#8211; d\u00e9noncent l&#8217;emprise du b\u00e9ton, la disparition des paysages et du potentiel agricole sur la ville d&rsquo;Aubagne en mettant en \u00e9vidence les cons\u00e9quences d\u00e9sastreuses du b\u00e9tonnage sur les ressources en eau, le patrimoine naturel, les risques incendies et de ruissellement, compte tenu du changement climatique.<\/em><\/p>\n\n\n\n<figure class=\"wp-block-image size-full\"><img loading=\"lazy\" decoding=\"async\" width=\"1868\" height=\"1036\" src=\"https:\/\/ul-cgt-aubagne.fr\/wp-content\/uploads\/2025\/08\/CollectifLouve_cmjn.jpg\" alt=\"\" class=\"wp-image-899\" srcset=\"https:\/\/ul-cgt-aubagne.fr\/wp-content\/uploads\/2025\/08\/CollectifLouve_cmjn.jpg 1868w, https:\/\/ul-cgt-aubagne.fr\/wp-content\/uploads\/2025\/08\/CollectifLouve_cmjn-300x166.jpg 300w, https:\/\/ul-cgt-aubagne.fr\/wp-content\/uploads\/2025\/08\/CollectifLouve_cmjn-1024x568.jpg 1024w\" sizes=\"auto, (max-width: 1868px) 100vw, 1868px\" \/><figcaption class=\"wp-element-caption\">Collectif de la Louve<\/figcaption><\/figure>\n","protected":false},"excerpt":{"rendered":"<p>Les collectifs aubagnais unis &#8211; Carri\u00e8re Borie, Habitants du Garlaban et La Louve &#8211; d\u00e9noncent l&#8217;emprise du b\u00e9ton, la disparition des paysages et du potentiel agricole sur la ville d&rsquo;Aubagne en mettant en \u00e9vidence les cons\u00e9quences d\u00e9sastreuses du b\u00e9tonnage sur les ressources en eau, le patrimoine naturel, les risques incendies et de ruissellement, compte tenu &hellip; <\/p>\n<p class=\"link-more\"><a href=\"https:\/\/ul-cgt-aubagne.fr\/index.php\/2025\/07\/22\/collectif-de-la-louve\/\" class=\"more-link\">Lire la suite de<span class=\"screen-reader-text\">\u00ab\u00a0Collectif de la Louve\u00a0\u00bb<\/span><\/a><\/p>\n","protected":false},"author":1,"featured_media":899,"comment_status":"open","ping_status":"closed","sticky":false,"template":"","format":"standard","meta":{"footnotes":""},"categories":[10],"tags":[],"class_list":["post-654","post","type-post","status-publish","format-standard","has-post-thumbnail","hentry","category-3e"],"yoast_head":"<!-- This site is optimized with the Yoast SEO plugin v27.4 - https:\/\/yoast.com\/product\/yoast-seo-wordpress\/ -->\n<title>Collectif de la Louve - Union Locale CGT Aubagne<\/title>\n<meta name=\"robots\" content=\"index, follow, max-snippet:-1, max-image-preview:large, max-video-preview:-1\" \/>\n<link rel=\"canonical\" href=\"https:\/\/ul-cgt-aubagne.fr\/index.php\/2025\/07\/22\/collectif-de-la-louve\/\" \/>\n<meta property=\"og:locale\" content=\"fr_FR\" \/>\n<meta property=\"og:type\" content=\"article\" \/>\n<meta property=\"og:title\" content=\"Collectif de la Louve - Union Locale CGT Aubagne\" \/>\n<meta property=\"og:description\" content=\"Les collectifs aubagnais unis &#8211; Carri\u00e8re Borie, Habitants du Garlaban et La Louve &#8211; d\u00e9noncent l&#8217;emprise du b\u00e9ton, la disparition des paysages et du potentiel agricole sur la ville d&rsquo;Aubagne en mettant en \u00e9vidence les cons\u00e9quences d\u00e9sastreuses du b\u00e9tonnage sur les ressources en eau, le patrimoine naturel, les risques incendies et de ruissellement, compte tenu &hellip; Lire la suite de\u00ab\u00a0Collectif de la Louve\u00a0\u00bb\" \/>\n<meta property=\"og:url\" content=\"https:\/\/ul-cgt-aubagne.fr\/index.php\/2025\/07\/22\/collectif-de-la-louve\/\" \/>\n<meta property=\"og:site_name\" content=\"Union Locale CGT Aubagne\" \/>\n<meta property=\"article:publisher\" content=\"https:\/\/www.facebook.com\/ULCGTAubagne\/\" \/>\n<meta property=\"article:published_time\" content=\"2025-07-22T19:30:36+00:00\" \/>\n<meta property=\"article:modified_time\" content=\"2025-08-07T10:08:56+00:00\" \/>\n<meta property=\"og:image\" content=\"https:\/\/ul-cgt-aubagne.fr\/wp-content\/uploads\/2025\/08\/CollectifLouve_cmjn.jpg\" \/>\n\t<meta property=\"og:image:width\" content=\"1868\" \/>\n\t<meta property=\"og:image:height\" content=\"1036\" \/>\n\t<meta property=\"og:image:type\" content=\"image\/jpeg\" \/>\n<meta name=\"author\" content=\"admin\" \/>\n<meta name=\"twitter:card\" content=\"summary_large_image\" \/>\n<meta name=\"twitter:label1\" content=\"\u00c9crit par\" \/>\n\t<meta name=\"twitter:data1\" content=\"admin\" \/>\n\t<meta name=\"twitter:label2\" content=\"Dur\u00e9e de lecture estim\u00e9e\" \/>\n\t<meta name=\"twitter:data2\" content=\"1 minute\" \/>\n<script type=\"application\/ld+json\" class=\"yoast-schema-graph\">{\"@context\":\"https:\\\/\\\/schema.org\",\"@graph\":[{\"@type\":\"Article\",\"@id\":\"https:\\\/\\\/ul-cgt-aubagne.fr\\\/index.php\\\/2025\\\/07\\\/22\\\/collectif-de-la-louve\\\/#article\",\"isPartOf\":{\"@id\":\"https:\\\/\\\/ul-cgt-aubagne.fr\\\/index.php\\\/2025\\\/07\\\/22\\\/collectif-de-la-louve\\\/\"},\"author\":{\"name\":\"admin\",\"@id\":\"https:\\\/\\\/ul-cgt-aubagne.fr\\\/#\\\/schema\\\/person\\\/2a85d0e135a2b994d91f4a2db8a2d1ed\"},\"headline\":\"Collectif de la Louve\",\"datePublished\":\"2025-07-22T19:30:36+00:00\",\"dateModified\":\"2025-08-07T10:08:56+00:00\",\"mainEntityOfPage\":{\"@id\":\"https:\\\/\\\/ul-cgt-aubagne.fr\\\/index.php\\\/2025\\\/07\\\/22\\\/collectif-de-la-louve\\\/\"},\"wordCount\":74,\"commentCount\":0,\"publisher\":{\"@id\":\"https:\\\/\\\/ul-cgt-aubagne.fr\\\/#organization\"},\"image\":{\"@id\":\"https:\\\/\\\/ul-cgt-aubagne.fr\\\/index.php\\\/2025\\\/07\\\/22\\\/collectif-de-la-louve\\\/#primaryimage\"},\"thumbnailUrl\":\"https:\\\/\\\/ul-cgt-aubagne.fr\\\/wp-content\\\/uploads\\\/2025\\\/08\\\/CollectifLouve_cmjn.jpg\",\"articleSection\":[\"3E\"],\"inLanguage\":\"fr-FR\",\"potentialAction\":[{\"@type\":\"CommentAction\",\"name\":\"Comment\",\"target\":[\"https:\\\/\\\/ul-cgt-aubagne.fr\\\/index.php\\\/2025\\\/07\\\/22\\\/collectif-de-la-louve\\\/#respond\"]}]},{\"@type\":\"WebPage\",\"@id\":\"https:\\\/\\\/ul-cgt-aubagne.fr\\\/index.php\\\/2025\\\/07\\\/22\\\/collectif-de-la-louve\\\/\",\"url\":\"https:\\\/\\\/ul-cgt-aubagne.fr\\\/index.php\\\/2025\\\/07\\\/22\\\/collectif-de-la-louve\\\/\",\"name\":\"Collectif de la Louve - Union Locale CGT Aubagne\",\"isPartOf\":{\"@id\":\"https:\\\/\\\/ul-cgt-aubagne.fr\\\/#website\"},\"primaryImageOfPage\":{\"@id\":\"https:\\\/\\\/ul-cgt-aubagne.fr\\\/index.php\\\/2025\\\/07\\\/22\\\/collectif-de-la-louve\\\/#primaryimage\"},\"image\":{\"@id\":\"https:\\\/\\\/ul-cgt-aubagne.fr\\\/index.php\\\/2025\\\/07\\\/22\\\/collectif-de-la-louve\\\/#primaryimage\"},\"thumbnailUrl\":\"https:\\\/\\\/ul-cgt-aubagne.fr\\\/wp-content\\\/uploads\\\/2025\\\/08\\\/CollectifLouve_cmjn.jpg\",\"datePublished\":\"2025-07-22T19:30:36+00:00\",\"dateModified\":\"2025-08-07T10:08:56+00:00\",\"breadcrumb\":{\"@id\":\"https:\\\/\\\/ul-cgt-aubagne.fr\\\/index.php\\\/2025\\\/07\\\/22\\\/collectif-de-la-louve\\\/#breadcrumb\"},\"inLanguage\":\"fr-FR\",\"potentialAction\":[{\"@type\":\"ReadAction\",\"target\":[\"https:\\\/\\\/ul-cgt-aubagne.fr\\\/index.php\\\/2025\\\/07\\\/22\\\/collectif-de-la-louve\\\/\"]}]},{\"@type\":\"ImageObject\",\"inLanguage\":\"fr-FR\",\"@id\":\"https:\\\/\\\/ul-cgt-aubagne.fr\\\/index.php\\\/2025\\\/07\\\/22\\\/collectif-de-la-louve\\\/#primaryimage\",\"url\":\"https:\\\/\\\/ul-cgt-aubagne.fr\\\/wp-content\\\/uploads\\\/2025\\\/08\\\/CollectifLouve_cmjn.jpg\",\"contentUrl\":\"https:\\\/\\\/ul-cgt-aubagne.fr\\\/wp-content\\\/uploads\\\/2025\\\/08\\\/CollectifLouve_cmjn.jpg\",\"width\":1868,\"height\":1036},{\"@type\":\"BreadcrumbList\",\"@id\":\"https:\\\/\\\/ul-cgt-aubagne.fr\\\/index.php\\\/2025\\\/07\\\/22\\\/collectif-de-la-louve\\\/#breadcrumb\",\"itemListElement\":[{\"@type\":\"ListItem\",\"position\":1,\"name\":\"Accueil\",\"item\":\"https:\\\/\\\/ul-cgt-aubagne.fr\\\/\"},{\"@type\":\"ListItem\",\"position\":2,\"name\":\"Collectif de la Louve\"}]},{\"@type\":\"WebSite\",\"@id\":\"https:\\\/\\\/ul-cgt-aubagne.fr\\\/#website\",\"url\":\"https:\\\/\\\/ul-cgt-aubagne.fr\\\/\",\"name\":\"Union Locale CGT Aubagne\",\"description\":\"La CGT d&#039;Aubagne et sa R\u00e9gion\",\"publisher\":{\"@id\":\"https:\\\/\\\/ul-cgt-aubagne.fr\\\/#organization\"},\"potentialAction\":[{\"@type\":\"SearchAction\",\"target\":{\"@type\":\"EntryPoint\",\"urlTemplate\":\"https:\\\/\\\/ul-cgt-aubagne.fr\\\/?s={search_term_string}\"},\"query-input\":{\"@type\":\"PropertyValueSpecification\",\"valueRequired\":true,\"valueName\":\"search_term_string\"}}],\"inLanguage\":\"fr-FR\"},{\"@type\":\"Organization\",\"@id\":\"https:\\\/\\\/ul-cgt-aubagne.fr\\\/#organization\",\"name\":\"Union Locale CGT Aubagne\",\"url\":\"https:\\\/\\\/ul-cgt-aubagne.fr\\\/\",\"logo\":{\"@type\":\"ImageObject\",\"inLanguage\":\"fr-FR\",\"@id\":\"https:\\\/\\\/ul-cgt-aubagne.fr\\\/#\\\/schema\\\/logo\\\/image\\\/\",\"url\":\"https:\\\/\\\/ul-cgt-aubagne.fr\\\/wp-content\\\/uploads\\\/2025\\\/09\\\/20250921_091219-scaled.jpg\",\"contentUrl\":\"https:\\\/\\\/ul-cgt-aubagne.fr\\\/wp-content\\\/uploads\\\/2025\\\/09\\\/20250921_091219-scaled.jpg\",\"width\":1941,\"height\":2560,\"caption\":\"Union Locale CGT Aubagne\"},\"image\":{\"@id\":\"https:\\\/\\\/ul-cgt-aubagne.fr\\\/#\\\/schema\\\/logo\\\/image\\\/\"},\"sameAs\":[\"https:\\\/\\\/www.facebook.com\\\/ULCGTAubagne\\\/\"]},{\"@type\":\"Person\",\"@id\":\"https:\\\/\\\/ul-cgt-aubagne.fr\\\/#\\\/schema\\\/person\\\/2a85d0e135a2b994d91f4a2db8a2d1ed\",\"name\":\"admin\",\"image\":{\"@type\":\"ImageObject\",\"inLanguage\":\"fr-FR\",\"@id\":\"https:\\\/\\\/secure.gravatar.com\\\/avatar\\\/5028fcebae3f6a3b06f744eeb7347c186f3aedbb8bd13377e58bc66498491b42?s=96&d=mm&r=g\",\"url\":\"https:\\\/\\\/secure.gravatar.com\\\/avatar\\\/5028fcebae3f6a3b06f744eeb7347c186f3aedbb8bd13377e58bc66498491b42?s=96&d=mm&r=g\",\"contentUrl\":\"https:\\\/\\\/secure.gravatar.com\\\/avatar\\\/5028fcebae3f6a3b06f744eeb7347c186f3aedbb8bd13377e58bc66498491b42?s=96&d=mm&r=g\",\"caption\":\"admin\"},\"sameAs\":[\"http:\\\/\\\/ul-cgt-aubagne.fr\"],\"url\":\"https:\\\/\\\/ul-cgt-aubagne.fr\\\/index.php\\\/author\\\/admin\\\/\"}]}<\/script>\n<!-- \/ Yoast SEO plugin. -->","yoast_head_json":{"title":"Collectif de la Louve - Union Locale CGT Aubagne","robots":{"index":"index","follow":"follow","max-snippet":"max-snippet:-1","max-image-preview":"max-image-preview:large","max-video-preview":"max-video-preview:-1"},"canonical":"https:\/\/ul-cgt-aubagne.fr\/index.php\/2025\/07\/22\/collectif-de-la-louve\/","og_locale":"fr_FR","og_type":"article","og_title":"Collectif de la Louve - Union Locale CGT Aubagne","og_description":"Les collectifs aubagnais unis &#8211; Carri\u00e8re Borie, Habitants du Garlaban et La Louve &#8211; d\u00e9noncent l&#8217;emprise du b\u00e9ton, la disparition des paysages et du potentiel agricole sur la ville d&rsquo;Aubagne en mettant en \u00e9vidence les cons\u00e9quences d\u00e9sastreuses du b\u00e9tonnage sur les ressources en eau, le patrimoine naturel, les risques incendies et de ruissellement, compte tenu &hellip; Lire la suite de\u00ab\u00a0Collectif de la Louve\u00a0\u00bb","og_url":"https:\/\/ul-cgt-aubagne.fr\/index.php\/2025\/07\/22\/collectif-de-la-louve\/","og_site_name":"Union Locale CGT Aubagne","article_publisher":"https:\/\/www.facebook.com\/ULCGTAubagne\/","article_published_time":"2025-07-22T19:30:36+00:00","article_modified_time":"2025-08-07T10:08:56+00:00","og_image":[{"width":1868,"height":1036,"url":"https:\/\/ul-cgt-aubagne.fr\/wp-content\/uploads\/2025\/08\/CollectifLouve_cmjn.jpg","type":"image\/jpeg"}],"author":"admin","twitter_card":"summary_large_image","twitter_misc":{"\u00c9crit par":"admin","Dur\u00e9e de lecture estim\u00e9e":"1 minute"},"schema":{"@context":"https:\/\/schema.org","@graph":[{"@type":"Article","@id":"https:\/\/ul-cgt-aubagne.fr\/index.php\/2025\/07\/22\/collectif-de-la-louve\/#article","isPartOf":{"@id":"https:\/\/ul-cgt-aubagne.fr\/index.php\/2025\/07\/22\/collectif-de-la-louve\/"},"author":{"name":"admin","@id":"https:\/\/ul-cgt-aubagne.fr\/#\/schema\/person\/2a85d0e135a2b994d91f4a2db8a2d1ed"},"headline":"Collectif de la Louve","datePublished":"2025-07-22T19:30:36+00:00","dateModified":"2025-08-07T10:08:56+00:00","mainEntityOfPage":{"@id":"https:\/\/ul-cgt-aubagne.fr\/index.php\/2025\/07\/22\/collectif-de-la-louve\/"},"wordCount":74,"commentCount":0,"publisher":{"@id":"https:\/\/ul-cgt-aubagne.fr\/#organization"},"image":{"@id":"https:\/\/ul-cgt-aubagne.fr\/index.php\/2025\/07\/22\/collectif-de-la-louve\/#primaryimage"},"thumbnailUrl":"https:\/\/ul-cgt-aubagne.fr\/wp-content\/uploads\/2025\/08\/CollectifLouve_cmjn.jpg","articleSection":["3E"],"inLanguage":"fr-FR","potentialAction":[{"@type":"CommentAction","name":"Comment","target":["https:\/\/ul-cgt-aubagne.fr\/index.php\/2025\/07\/22\/collectif-de-la-louve\/#respond"]}]},{"@type":"WebPage","@id":"https:\/\/ul-cgt-aubagne.fr\/index.php\/2025\/07\/22\/collectif-de-la-louve\/","url":"https:\/\/ul-cgt-aubagne.fr\/index.php\/2025\/07\/22\/collectif-de-la-louve\/","name":"Collectif de la Louve - Union Locale CGT Aubagne","isPartOf":{"@id":"https:\/\/ul-cgt-aubagne.fr\/#website"},"primaryImageOfPage":{"@id":"https:\/\/ul-cgt-aubagne.fr\/index.php\/2025\/07\/22\/collectif-de-la-louve\/#primaryimage"},"image":{"@id":"https:\/\/ul-cgt-aubagne.fr\/index.php\/2025\/07\/22\/collectif-de-la-louve\/#primaryimage"},"thumbnailUrl":"https:\/\/ul-cgt-aubagne.fr\/wp-content\/uploads\/2025\/08\/CollectifLouve_cmjn.jpg","datePublished":"2025-07-22T19:30:36+00:00","dateModified":"2025-08-07T10:08:56+00:00","breadcrumb":{"@id":"https:\/\/ul-cgt-aubagne.fr\/index.php\/2025\/07\/22\/collectif-de-la-louve\/#breadcrumb"},"inLanguage":"fr-FR","potentialAction":[{"@type":"ReadAction","target":["https:\/\/ul-cgt-aubagne.fr\/index.php\/2025\/07\/22\/collectif-de-la-louve\/"]}]},{"@type":"ImageObject","inLanguage":"fr-FR","@id":"https:\/\/ul-cgt-aubagne.fr\/index.php\/2025\/07\/22\/collectif-de-la-louve\/#primaryimage","url":"https:\/\/ul-cgt-aubagne.fr\/wp-content\/uploads\/2025\/08\/CollectifLouve_cmjn.jpg","contentUrl":"https:\/\/ul-cgt-aubagne.fr\/wp-content\/uploads\/2025\/08\/CollectifLouve_cmjn.jpg","width":1868,"height":1036},{"@type":"BreadcrumbList","@id":"https:\/\/ul-cgt-aubagne.fr\/index.php\/2025\/07\/22\/collectif-de-la-louve\/#breadcrumb","itemListElement":[{"@type":"ListItem","position":1,"name":"Accueil","item":"https:\/\/ul-cgt-aubagne.fr\/"},{"@type":"ListItem","position":2,"name":"Collectif de la Louve"}]},{"@type":"WebSite","@id":"https:\/\/ul-cgt-aubagne.fr\/#website","url":"https:\/\/ul-cgt-aubagne.fr\/","name":"Union Locale CGT Aubagne","description":"La CGT d&#039;Aubagne et sa R\u00e9gion","publisher":{"@id":"https:\/\/ul-cgt-aubagne.fr\/#organization"},"potentialAction":[{"@type":"SearchAction","target":{"@type":"EntryPoint","urlTemplate":"https:\/\/ul-cgt-aubagne.fr\/?s={search_term_string}"},"query-input":{"@type":"PropertyValueSpecification","valueRequired":true,"valueName":"search_term_string"}}],"inLanguage":"fr-FR"},{"@type":"Organization","@id":"https:\/\/ul-cgt-aubagne.fr\/#organization","name":"Union Locale CGT Aubagne","url":"https:\/\/ul-cgt-aubagne.fr\/","logo":{"@type":"ImageObject","inLanguage":"fr-FR","@id":"https:\/\/ul-cgt-aubagne.fr\/#\/schema\/logo\/image\/","url":"https:\/\/ul-cgt-aubagne.fr\/wp-content\/uploads\/2025\/09\/20250921_091219-scaled.jpg","contentUrl":"https:\/\/ul-cgt-aubagne.fr\/wp-content\/uploads\/2025\/09\/20250921_091219-scaled.jpg","width":1941,"height":2560,"caption":"Union Locale CGT Aubagne"},"image":{"@id":"https:\/\/ul-cgt-aubagne.fr\/#\/schema\/logo\/image\/"},"sameAs":["https:\/\/www.facebook.com\/ULCGTAubagne\/"]},{"@type":"Person","@id":"https:\/\/ul-cgt-aubagne.fr\/#\/schema\/person\/2a85d0e135a2b994d91f4a2db8a2d1ed","name":"admin","image":{"@type":"ImageObject","inLanguage":"fr-FR","@id":"https:\/\/secure.gravatar.com\/avatar\/5028fcebae3f6a3b06f744eeb7347c186f3aedbb8bd13377e58bc66498491b42?s=96&d=mm&r=g","url":"https:\/\/secure.gravatar.com\/avatar\/5028fcebae3f6a3b06f744eeb7347c186f3aedbb8bd13377e58bc66498491b42?s=96&d=mm&r=g","contentUrl":"https:\/\/secure.gravatar.com\/avatar\/5028fcebae3f6a3b06f744eeb7347c186f3aedbb8bd13377e58bc66498491b42?s=96&d=mm&r=g","caption":"admin"},"sameAs":["http:\/\/ul-cgt-aubagne.fr"],"url":"https:\/\/ul-cgt-aubagne.fr\/index.php\/author\/admin\/"}]}},"_links":{"self":[{"href":"https:\/\/ul-cgt-aubagne.fr\/index.php\/wp-json\/wp\/v2\/posts\/654","targetHints":{"allow":["GET"]}}],"collection":[{"href":"https:\/\/ul-cgt-aubagne.fr\/index.php\/wp-json\/wp\/v2\/posts"}],"about":[{"href":"https:\/\/ul-cgt-aubagne.fr\/index.php\/wp-json\/wp\/v2\/types\/post"}],"author":[{"embeddable":true,"href":"https:\/\/ul-cgt-aubagne.fr\/index.php\/wp-json\/wp\/v2\/users\/1"}],"replies":[{"embeddable":true,"href":"https:\/\/ul-cgt-aubagne.fr\/index.php\/wp-json\/wp\/v2\/comments?post=654"}],"version-history":[{"count":4,"href":"https:\/\/ul-cgt-aubagne.fr\/index.php\/wp-json\/wp\/v2\/posts\/654\/revisions"}],"predecessor-version":[{"id":912,"href":"https:\/\/ul-cgt-aubagne.fr\/index.php\/wp-json\/wp\/v2\/posts\/654\/revisions\/912"}],"wp:featuredmedia":[{"embeddable":true,"href":"https:\/\/ul-cgt-aubagne.fr\/index.php\/wp-json\/wp\/v2\/media\/899"}],"wp:attachment":[{"href":"https:\/\/ul-cgt-aubagne.fr\/index.php\/wp-json\/wp\/v2\/media?parent=654"}],"wp:term":[{"taxonomy":"category","embeddable":true,"href":"https:\/\/ul-cgt-aubagne.fr\/index.php\/wp-json\/wp\/v2\/categories?post=654"},{"taxonomy":"post_tag","embeddable":true,"href":"https:\/\/ul-cgt-aubagne.fr\/index.php\/wp-json\/wp\/v2\/tags?post=654"}],"curies":[{"name":"wp","href":"https:\/\/api.w.org\/{rel}","templated":true}]}}