{"id":1042,"date":"2025-10-28T17:17:03","date_gmt":"2025-10-28T16:17:03","guid":{"rendered":"https:\/\/ul-cgt-aubagne.fr\/?p=1042"},"modified":"2025-10-28T17:17:03","modified_gmt":"2025-10-28T16:17:03","slug":"80-ans-de-la-securite-sociale","status":"publish","type":"post","link":"https:\/\/ul-cgt-aubagne.fr\/index.php\/2025\/10\/28\/80-ans-de-la-securite-sociale\/","title":{"rendered":"80 ans de la S\u00e9curit\u00e9 Sociale"},"content":{"rendered":"\n<p>Nous avons le plaisir de vous inviter au 80\u00e8me anniversaire de la S\u00e9curit\u00e9 Sociale, cette grande conqu\u00eate \u00e0 d\u00e9fendre.<\/p>\n\n\n\n<p><strong>Le 17 novembre 2025 \u00e0 17h30<\/strong><br><strong>Salle Raymond Reynaud \u00e0 Roquevaire<\/strong><br>Parking gratuit assur\u00e9<\/p>\n\n\n\n<p>Table ronde suivie du spectacle d&rsquo;Elisabeth Fery<\/p>\n\n\n\n<p>Un cocktail d\u00eenatoire vous sera offert pour cl\u00f4turer la soir\u00e9e.<\/p>\n\n\n\n<p>R\u00e9servation obligatoire par mail avant le 7 novembre 2025: <a href=\"mailto:cgt.resa.aubagne@gmail.com\">cgt.resa.aubagne@gmail.com<\/a><\/p>\n\n\n\n<p>Une confirmation vous sera envoy\u00e9e en retour.<\/p>\n\n\n\n<div class=\"wp-block-file\"><a id=\"wp-block-file--media-feba7146-8939-4571-926b-d023296f6fbf\" href=\"https:\/\/ul-cgt-aubagne.fr\/wp-content\/uploads\/2025\/10\/CGT-Invitation-80-Ans-Securite-Sociale.pdf\">T\u00e9l\u00e9charger l&rsquo;affiche<\/a><a href=\"https:\/\/ul-cgt-aubagne.fr\/wp-content\/uploads\/2025\/10\/CGT-Invitation-80-Ans-Securite-Sociale.pdf\" class=\"wp-block-file__button wp-element-button\" download aria-describedby=\"wp-block-file--media-feba7146-8939-4571-926b-d023296f6fbf\">T\u00e9l\u00e9charger<\/a><\/div>\n\n\n\n<figure class=\"wp-block-image size-full\"><img loading=\"lazy\" decoding=\"async\" width=\"517\" height=\"731\" src=\"https:\/\/ul-cgt-aubagne.fr\/wp-content\/uploads\/2025\/10\/affiche-80ans-secu.jpeg\" alt=\"\" class=\"wp-image-1043\" srcset=\"https:\/\/ul-cgt-aubagne.fr\/wp-content\/uploads\/2025\/10\/affiche-80ans-secu.jpeg 517w, https:\/\/ul-cgt-aubagne.fr\/wp-content\/uploads\/2025\/10\/affiche-80ans-secu-212x300.jpeg 212w\" sizes=\"auto, (max-width: 517px) 100vw, 517px\" \/><\/figure>\n\n\n\n<p><\/p>\n","protected":false},"excerpt":{"rendered":"<p>Nous avons le plaisir de vous inviter au 80\u00e8me anniversaire de la S\u00e9curit\u00e9 Sociale, cette grande conqu\u00eate \u00e0 d\u00e9fendre. Le 17 novembre 2025 \u00e0 17h30Salle Raymond Reynaud \u00e0 RoquevaireParking gratuit assur\u00e9 Table ronde suivie du spectacle d&rsquo;Elisabeth Fery Un cocktail d\u00eenatoire vous sera offert pour cl\u00f4turer la soir\u00e9e. R\u00e9servation obligatoire par mail avant le 7 &hellip; <\/p>\n<p class=\"link-more\"><a href=\"https:\/\/ul-cgt-aubagne.fr\/index.php\/2025\/10\/28\/80-ans-de-la-securite-sociale\/\" class=\"more-link\">Lire la suite de<span class=\"screen-reader-text\">\u00ab\u00a080 ans de la S\u00e9curit\u00e9 Sociale\u00a0\u00bb<\/span><\/a><\/p>\n","protected":false},"author":1,"featured_media":1043,"comment_status":"open","ping_status":"closed","sticky":false,"template":"","format":"standard","meta":{"footnotes":""},"categories":[9],"tags":[],"class_list":["post-1042","post","type-post","status-publish","format-standard","has-post-thumbnail","hentry","category-blog"],"yoast_head":"<!-- This site is optimized with the Yoast SEO plugin v27.4 - https:\/\/yoast.com\/product\/yoast-seo-wordpress\/ -->\n<title>80 ans de la S\u00e9curit\u00e9 Sociale - Union Locale CGT Aubagne<\/title>\n<meta name=\"robots\" content=\"index, follow, max-snippet:-1, max-image-preview:large, max-video-preview:-1\" \/>\n<link rel=\"canonical\" href=\"https:\/\/ul-cgt-aubagne.fr\/index.php\/2025\/10\/28\/80-ans-de-la-securite-sociale\/\" \/>\n<meta property=\"og:locale\" content=\"fr_FR\" \/>\n<meta property=\"og:type\" content=\"article\" \/>\n<meta property=\"og:title\" content=\"80 ans de la S\u00e9curit\u00e9 Sociale - Union Locale CGT Aubagne\" \/>\n<meta property=\"og:description\" content=\"Nous avons le plaisir de vous inviter au 80\u00e8me anniversaire de la S\u00e9curit\u00e9 Sociale, cette grande conqu\u00eate \u00e0 d\u00e9fendre. Le 17 novembre 2025 \u00e0 17h30Salle Raymond Reynaud \u00e0 RoquevaireParking gratuit assur\u00e9 Table ronde suivie du spectacle d&rsquo;Elisabeth Fery Un cocktail d\u00eenatoire vous sera offert pour cl\u00f4turer la soir\u00e9e. R\u00e9servation obligatoire par mail avant le 7 &hellip; Lire la suite de\u00ab\u00a080 ans de la S\u00e9curit\u00e9 Sociale\u00a0\u00bb\" \/>\n<meta property=\"og:url\" content=\"https:\/\/ul-cgt-aubagne.fr\/index.php\/2025\/10\/28\/80-ans-de-la-securite-sociale\/\" \/>\n<meta property=\"og:site_name\" content=\"Union Locale CGT Aubagne\" \/>\n<meta property=\"article:publisher\" content=\"https:\/\/www.facebook.com\/ULCGTAubagne\/\" \/>\n<meta property=\"article:published_time\" content=\"2025-10-28T16:17:03+00:00\" \/>\n<meta property=\"og:image\" content=\"https:\/\/ul-cgt-aubagne.fr\/wp-content\/uploads\/2025\/10\/affiche-80ans-secu.jpeg\" \/>\n\t<meta property=\"og:image:width\" content=\"517\" \/>\n\t<meta property=\"og:image:height\" content=\"731\" \/>\n\t<meta property=\"og:image:type\" content=\"image\/jpeg\" \/>\n<meta name=\"author\" content=\"admin\" \/>\n<meta name=\"twitter:card\" content=\"summary_large_image\" \/>\n<meta name=\"twitter:label1\" content=\"\u00c9crit par\" \/>\n\t<meta name=\"twitter:data1\" content=\"admin\" \/>\n\t<meta name=\"twitter:label2\" content=\"Dur\u00e9e de lecture estim\u00e9e\" \/>\n\t<meta name=\"twitter:data2\" content=\"1 minute\" \/>\n<script type=\"application\/ld+json\" class=\"yoast-schema-graph\">{\"@context\":\"https:\\\/\\\/schema.org\",\"@graph\":[{\"@type\":\"Article\",\"@id\":\"https:\\\/\\\/ul-cgt-aubagne.fr\\\/index.php\\\/2025\\\/10\\\/28\\\/80-ans-de-la-securite-sociale\\\/#article\",\"isPartOf\":{\"@id\":\"https:\\\/\\\/ul-cgt-aubagne.fr\\\/index.php\\\/2025\\\/10\\\/28\\\/80-ans-de-la-securite-sociale\\\/\"},\"author\":{\"name\":\"admin\",\"@id\":\"https:\\\/\\\/ul-cgt-aubagne.fr\\\/#\\\/schema\\\/person\\\/2a85d0e135a2b994d91f4a2db8a2d1ed\"},\"headline\":\"80 ans de la S\u00e9curit\u00e9 Sociale\",\"datePublished\":\"2025-10-28T16:17:03+00:00\",\"mainEntityOfPage\":{\"@id\":\"https:\\\/\\\/ul-cgt-aubagne.fr\\\/index.php\\\/2025\\\/10\\\/28\\\/80-ans-de-la-securite-sociale\\\/\"},\"wordCount\":87,\"commentCount\":0,\"publisher\":{\"@id\":\"https:\\\/\\\/ul-cgt-aubagne.fr\\\/#organization\"},\"image\":{\"@id\":\"https:\\\/\\\/ul-cgt-aubagne.fr\\\/index.php\\\/2025\\\/10\\\/28\\\/80-ans-de-la-securite-sociale\\\/#primaryimage\"},\"thumbnailUrl\":\"https:\\\/\\\/ul-cgt-aubagne.fr\\\/wp-content\\\/uploads\\\/2025\\\/10\\\/affiche-80ans-secu.jpeg\",\"articleSection\":[\"Blog\"],\"inLanguage\":\"fr-FR\",\"potentialAction\":[{\"@type\":\"CommentAction\",\"name\":\"Comment\",\"target\":[\"https:\\\/\\\/ul-cgt-aubagne.fr\\\/index.php\\\/2025\\\/10\\\/28\\\/80-ans-de-la-securite-sociale\\\/#respond\"]}]},{\"@type\":\"WebPage\",\"@id\":\"https:\\\/\\\/ul-cgt-aubagne.fr\\\/index.php\\\/2025\\\/10\\\/28\\\/80-ans-de-la-securite-sociale\\\/\",\"url\":\"https:\\\/\\\/ul-cgt-aubagne.fr\\\/index.php\\\/2025\\\/10\\\/28\\\/80-ans-de-la-securite-sociale\\\/\",\"name\":\"80 ans de la S\u00e9curit\u00e9 Sociale - Union Locale CGT Aubagne\",\"isPartOf\":{\"@id\":\"https:\\\/\\\/ul-cgt-aubagne.fr\\\/#website\"},\"primaryImageOfPage\":{\"@id\":\"https:\\\/\\\/ul-cgt-aubagne.fr\\\/index.php\\\/2025\\\/10\\\/28\\\/80-ans-de-la-securite-sociale\\\/#primaryimage\"},\"image\":{\"@id\":\"https:\\\/\\\/ul-cgt-aubagne.fr\\\/index.php\\\/2025\\\/10\\\/28\\\/80-ans-de-la-securite-sociale\\\/#primaryimage\"},\"thumbnailUrl\":\"https:\\\/\\\/ul-cgt-aubagne.fr\\\/wp-content\\\/uploads\\\/2025\\\/10\\\/affiche-80ans-secu.jpeg\",\"datePublished\":\"2025-10-28T16:17:03+00:00\",\"breadcrumb\":{\"@id\":\"https:\\\/\\\/ul-cgt-aubagne.fr\\\/index.php\\\/2025\\\/10\\\/28\\\/80-ans-de-la-securite-sociale\\\/#breadcrumb\"},\"inLanguage\":\"fr-FR\",\"potentialAction\":[{\"@type\":\"ReadAction\",\"target\":[\"https:\\\/\\\/ul-cgt-aubagne.fr\\\/index.php\\\/2025\\\/10\\\/28\\\/80-ans-de-la-securite-sociale\\\/\"]}]},{\"@type\":\"ImageObject\",\"inLanguage\":\"fr-FR\",\"@id\":\"https:\\\/\\\/ul-cgt-aubagne.fr\\\/index.php\\\/2025\\\/10\\\/28\\\/80-ans-de-la-securite-sociale\\\/#primaryimage\",\"url\":\"https:\\\/\\\/ul-cgt-aubagne.fr\\\/wp-content\\\/uploads\\\/2025\\\/10\\\/affiche-80ans-secu.jpeg\",\"contentUrl\":\"https:\\\/\\\/ul-cgt-aubagne.fr\\\/wp-content\\\/uploads\\\/2025\\\/10\\\/affiche-80ans-secu.jpeg\",\"width\":517,\"height\":731},{\"@type\":\"BreadcrumbList\",\"@id\":\"https:\\\/\\\/ul-cgt-aubagne.fr\\\/index.php\\\/2025\\\/10\\\/28\\\/80-ans-de-la-securite-sociale\\\/#breadcrumb\",\"itemListElement\":[{\"@type\":\"ListItem\",\"position\":1,\"name\":\"Accueil\",\"item\":\"https:\\\/\\\/ul-cgt-aubagne.fr\\\/\"},{\"@type\":\"ListItem\",\"position\":2,\"name\":\"80 ans de la S\u00e9curit\u00e9 Sociale\"}]},{\"@type\":\"WebSite\",\"@id\":\"https:\\\/\\\/ul-cgt-aubagne.fr\\\/#website\",\"url\":\"https:\\\/\\\/ul-cgt-aubagne.fr\\\/\",\"name\":\"Union Locale CGT Aubagne\",\"description\":\"La CGT d&#039;Aubagne et sa R\u00e9gion\",\"publisher\":{\"@id\":\"https:\\\/\\\/ul-cgt-aubagne.fr\\\/#organization\"},\"potentialAction\":[{\"@type\":\"SearchAction\",\"target\":{\"@type\":\"EntryPoint\",\"urlTemplate\":\"https:\\\/\\\/ul-cgt-aubagne.fr\\\/?s={search_term_string}\"},\"query-input\":{\"@type\":\"PropertyValueSpecification\",\"valueRequired\":true,\"valueName\":\"search_term_string\"}}],\"inLanguage\":\"fr-FR\"},{\"@type\":\"Organization\",\"@id\":\"https:\\\/\\\/ul-cgt-aubagne.fr\\\/#organization\",\"name\":\"Union Locale CGT Aubagne\",\"url\":\"https:\\\/\\\/ul-cgt-aubagne.fr\\\/\",\"logo\":{\"@type\":\"ImageObject\",\"inLanguage\":\"fr-FR\",\"@id\":\"https:\\\/\\\/ul-cgt-aubagne.fr\\\/#\\\/schema\\\/logo\\\/image\\\/\",\"url\":\"https:\\\/\\\/ul-cgt-aubagne.fr\\\/wp-content\\\/uploads\\\/2025\\\/09\\\/20250921_091219-scaled.jpg\",\"contentUrl\":\"https:\\\/\\\/ul-cgt-aubagne.fr\\\/wp-content\\\/uploads\\\/2025\\\/09\\\/20250921_091219-scaled.jpg\",\"width\":1941,\"height\":2560,\"caption\":\"Union Locale CGT Aubagne\"},\"image\":{\"@id\":\"https:\\\/\\\/ul-cgt-aubagne.fr\\\/#\\\/schema\\\/logo\\\/image\\\/\"},\"sameAs\":[\"https:\\\/\\\/www.facebook.com\\\/ULCGTAubagne\\\/\"]},{\"@type\":\"Person\",\"@id\":\"https:\\\/\\\/ul-cgt-aubagne.fr\\\/#\\\/schema\\\/person\\\/2a85d0e135a2b994d91f4a2db8a2d1ed\",\"name\":\"admin\",\"image\":{\"@type\":\"ImageObject\",\"inLanguage\":\"fr-FR\",\"@id\":\"https:\\\/\\\/secure.gravatar.com\\\/avatar\\\/5028fcebae3f6a3b06f744eeb7347c186f3aedbb8bd13377e58bc66498491b42?s=96&d=mm&r=g\",\"url\":\"https:\\\/\\\/secure.gravatar.com\\\/avatar\\\/5028fcebae3f6a3b06f744eeb7347c186f3aedbb8bd13377e58bc66498491b42?s=96&d=mm&r=g\",\"contentUrl\":\"https:\\\/\\\/secure.gravatar.com\\\/avatar\\\/5028fcebae3f6a3b06f744eeb7347c186f3aedbb8bd13377e58bc66498491b42?s=96&d=mm&r=g\",\"caption\":\"admin\"},\"sameAs\":[\"http:\\\/\\\/ul-cgt-aubagne.fr\"],\"url\":\"https:\\\/\\\/ul-cgt-aubagne.fr\\\/index.php\\\/author\\\/admin\\\/\"}]}<\/script>\n<!-- \/ Yoast SEO plugin. -->","yoast_head_json":{"title":"80 ans de la S\u00e9curit\u00e9 Sociale - Union Locale CGT Aubagne","robots":{"index":"index","follow":"follow","max-snippet":"max-snippet:-1","max-image-preview":"max-image-preview:large","max-video-preview":"max-video-preview:-1"},"canonical":"https:\/\/ul-cgt-aubagne.fr\/index.php\/2025\/10\/28\/80-ans-de-la-securite-sociale\/","og_locale":"fr_FR","og_type":"article","og_title":"80 ans de la S\u00e9curit\u00e9 Sociale - Union Locale CGT Aubagne","og_description":"Nous avons le plaisir de vous inviter au 80\u00e8me anniversaire de la S\u00e9curit\u00e9 Sociale, cette grande conqu\u00eate \u00e0 d\u00e9fendre. Le 17 novembre 2025 \u00e0 17h30Salle Raymond Reynaud \u00e0 RoquevaireParking gratuit assur\u00e9 Table ronde suivie du spectacle d&rsquo;Elisabeth Fery Un cocktail d\u00eenatoire vous sera offert pour cl\u00f4turer la soir\u00e9e. R\u00e9servation obligatoire par mail avant le 7 &hellip; Lire la suite de\u00ab\u00a080 ans de la S\u00e9curit\u00e9 Sociale\u00a0\u00bb","og_url":"https:\/\/ul-cgt-aubagne.fr\/index.php\/2025\/10\/28\/80-ans-de-la-securite-sociale\/","og_site_name":"Union Locale CGT Aubagne","article_publisher":"https:\/\/www.facebook.com\/ULCGTAubagne\/","article_published_time":"2025-10-28T16:17:03+00:00","og_image":[{"width":517,"height":731,"url":"https:\/\/ul-cgt-aubagne.fr\/wp-content\/uploads\/2025\/10\/affiche-80ans-secu.jpeg","type":"image\/jpeg"}],"author":"admin","twitter_card":"summary_large_image","twitter_misc":{"\u00c9crit par":"admin","Dur\u00e9e de lecture estim\u00e9e":"1 minute"},"schema":{"@context":"https:\/\/schema.org","@graph":[{"@type":"Article","@id":"https:\/\/ul-cgt-aubagne.fr\/index.php\/2025\/10\/28\/80-ans-de-la-securite-sociale\/#article","isPartOf":{"@id":"https:\/\/ul-cgt-aubagne.fr\/index.php\/2025\/10\/28\/80-ans-de-la-securite-sociale\/"},"author":{"name":"admin","@id":"https:\/\/ul-cgt-aubagne.fr\/#\/schema\/person\/2a85d0e135a2b994d91f4a2db8a2d1ed"},"headline":"80 ans de la S\u00e9curit\u00e9 Sociale","datePublished":"2025-10-28T16:17:03+00:00","mainEntityOfPage":{"@id":"https:\/\/ul-cgt-aubagne.fr\/index.php\/2025\/10\/28\/80-ans-de-la-securite-sociale\/"},"wordCount":87,"commentCount":0,"publisher":{"@id":"https:\/\/ul-cgt-aubagne.fr\/#organization"},"image":{"@id":"https:\/\/ul-cgt-aubagne.fr\/index.php\/2025\/10\/28\/80-ans-de-la-securite-sociale\/#primaryimage"},"thumbnailUrl":"https:\/\/ul-cgt-aubagne.fr\/wp-content\/uploads\/2025\/10\/affiche-80ans-secu.jpeg","articleSection":["Blog"],"inLanguage":"fr-FR","potentialAction":[{"@type":"CommentAction","name":"Comment","target":["https:\/\/ul-cgt-aubagne.fr\/index.php\/2025\/10\/28\/80-ans-de-la-securite-sociale\/#respond"]}]},{"@type":"WebPage","@id":"https:\/\/ul-cgt-aubagne.fr\/index.php\/2025\/10\/28\/80-ans-de-la-securite-sociale\/","url":"https:\/\/ul-cgt-aubagne.fr\/index.php\/2025\/10\/28\/80-ans-de-la-securite-sociale\/","name":"80 ans de la S\u00e9curit\u00e9 Sociale - Union Locale CGT Aubagne","isPartOf":{"@id":"https:\/\/ul-cgt-aubagne.fr\/#website"},"primaryImageOfPage":{"@id":"https:\/\/ul-cgt-aubagne.fr\/index.php\/2025\/10\/28\/80-ans-de-la-securite-sociale\/#primaryimage"},"image":{"@id":"https:\/\/ul-cgt-aubagne.fr\/index.php\/2025\/10\/28\/80-ans-de-la-securite-sociale\/#primaryimage"},"thumbnailUrl":"https:\/\/ul-cgt-aubagne.fr\/wp-content\/uploads\/2025\/10\/affiche-80ans-secu.jpeg","datePublished":"2025-10-28T16:17:03+00:00","breadcrumb":{"@id":"https:\/\/ul-cgt-aubagne.fr\/index.php\/2025\/10\/28\/80-ans-de-la-securite-sociale\/#breadcrumb"},"inLanguage":"fr-FR","potentialAction":[{"@type":"ReadAction","target":["https:\/\/ul-cgt-aubagne.fr\/index.php\/2025\/10\/28\/80-ans-de-la-securite-sociale\/"]}]},{"@type":"ImageObject","inLanguage":"fr-FR","@id":"https:\/\/ul-cgt-aubagne.fr\/index.php\/2025\/10\/28\/80-ans-de-la-securite-sociale\/#primaryimage","url":"https:\/\/ul-cgt-aubagne.fr\/wp-content\/uploads\/2025\/10\/affiche-80ans-secu.jpeg","contentUrl":"https:\/\/ul-cgt-aubagne.fr\/wp-content\/uploads\/2025\/10\/affiche-80ans-secu.jpeg","width":517,"height":731},{"@type":"BreadcrumbList","@id":"https:\/\/ul-cgt-aubagne.fr\/index.php\/2025\/10\/28\/80-ans-de-la-securite-sociale\/#breadcrumb","itemListElement":[{"@type":"ListItem","position":1,"name":"Accueil","item":"https:\/\/ul-cgt-aubagne.fr\/"},{"@type":"ListItem","position":2,"name":"80 ans de la S\u00e9curit\u00e9 Sociale"}]},{"@type":"WebSite","@id":"https:\/\/ul-cgt-aubagne.fr\/#website","url":"https:\/\/ul-cgt-aubagne.fr\/","name":"Union Locale CGT Aubagne","description":"La CGT d&#039;Aubagne et sa R\u00e9gion","publisher":{"@id":"https:\/\/ul-cgt-aubagne.fr\/#organization"},"potentialAction":[{"@type":"SearchAction","target":{"@type":"EntryPoint","urlTemplate":"https:\/\/ul-cgt-aubagne.fr\/?s={search_term_string}"},"query-input":{"@type":"PropertyValueSpecification","valueRequired":true,"valueName":"search_term_string"}}],"inLanguage":"fr-FR"},{"@type":"Organization","@id":"https:\/\/ul-cgt-aubagne.fr\/#organization","name":"Union Locale CGT Aubagne","url":"https:\/\/ul-cgt-aubagne.fr\/","logo":{"@type":"ImageObject","inLanguage":"fr-FR","@id":"https:\/\/ul-cgt-aubagne.fr\/#\/schema\/logo\/image\/","url":"https:\/\/ul-cgt-aubagne.fr\/wp-content\/uploads\/2025\/09\/20250921_091219-scaled.jpg","contentUrl":"https:\/\/ul-cgt-aubagne.fr\/wp-content\/uploads\/2025\/09\/20250921_091219-scaled.jpg","width":1941,"height":2560,"caption":"Union Locale CGT Aubagne"},"image":{"@id":"https:\/\/ul-cgt-aubagne.fr\/#\/schema\/logo\/image\/"},"sameAs":["https:\/\/www.facebook.com\/ULCGTAubagne\/"]},{"@type":"Person","@id":"https:\/\/ul-cgt-aubagne.fr\/#\/schema\/person\/2a85d0e135a2b994d91f4a2db8a2d1ed","name":"admin","image":{"@type":"ImageObject","inLanguage":"fr-FR","@id":"https:\/\/secure.gravatar.com\/avatar\/5028fcebae3f6a3b06f744eeb7347c186f3aedbb8bd13377e58bc66498491b42?s=96&d=mm&r=g","url":"https:\/\/secure.gravatar.com\/avatar\/5028fcebae3f6a3b06f744eeb7347c186f3aedbb8bd13377e58bc66498491b42?s=96&d=mm&r=g","contentUrl":"https:\/\/secure.gravatar.com\/avatar\/5028fcebae3f6a3b06f744eeb7347c186f3aedbb8bd13377e58bc66498491b42?s=96&d=mm&r=g","caption":"admin"},"sameAs":["http:\/\/ul-cgt-aubagne.fr"],"url":"https:\/\/ul-cgt-aubagne.fr\/index.php\/author\/admin\/"}]}},"_links":{"self":[{"href":"https:\/\/ul-cgt-aubagne.fr\/index.php\/wp-json\/wp\/v2\/posts\/1042","targetHints":{"allow":["GET"]}}],"collection":[{"href":"https:\/\/ul-cgt-aubagne.fr\/index.php\/wp-json\/wp\/v2\/posts"}],"about":[{"href":"https:\/\/ul-cgt-aubagne.fr\/index.php\/wp-json\/wp\/v2\/types\/post"}],"author":[{"embeddable":true,"href":"https:\/\/ul-cgt-aubagne.fr\/index.php\/wp-json\/wp\/v2\/users\/1"}],"replies":[{"embeddable":true,"href":"https:\/\/ul-cgt-aubagne.fr\/index.php\/wp-json\/wp\/v2\/comments?post=1042"}],"version-history":[{"count":1,"href":"https:\/\/ul-cgt-aubagne.fr\/index.php\/wp-json\/wp\/v2\/posts\/1042\/revisions"}],"predecessor-version":[{"id":1045,"href":"https:\/\/ul-cgt-aubagne.fr\/index.php\/wp-json\/wp\/v2\/posts\/1042\/revisions\/1045"}],"wp:featuredmedia":[{"embeddable":true,"href":"https:\/\/ul-cgt-aubagne.fr\/index.php\/wp-json\/wp\/v2\/media\/1043"}],"wp:attachment":[{"href":"https:\/\/ul-cgt-aubagne.fr\/index.php\/wp-json\/wp\/v2\/media?parent=1042"}],"wp:term":[{"taxonomy":"category","embeddable":true,"href":"https:\/\/ul-cgt-aubagne.fr\/index.php\/wp-json\/wp\/v2\/categories?post=1042"},{"taxonomy":"post_tag","embeddable":true,"href":"https:\/\/ul-cgt-aubagne.fr\/index.php\/wp-json\/wp\/v2\/tags?post=1042"}],"curies":[{"name":"wp","href":"https:\/\/api.w.org\/{rel}","templated":true}]}}